{"id":59484,"date":"2024-08-27T17:12:40","date_gmt":"2024-08-27T20:12:40","guid":{"rendered":"https:\/\/lacteus.com.br\/v5\/?p=59484"},"modified":"2024-08-27T17:12:43","modified_gmt":"2024-08-27T20:12:43","slug":"nem-iogurte-nem-leite-esse-e-o-inovador-laticinio-repleto-de-probioticos-e-minerais-que-esta-conquistando-as-pessoas","status":"publish","type":"post","link":"https:\/\/lacteus.com.br\/v5\/2024\/08\/nem-iogurte-nem-leite-esse-e-o-inovador-laticinio-repleto-de-probioticos-e-minerais-que-esta-conquistando-as-pessoas\/","title":{"rendered":"Nem iogurte nem leite: esse \u00e9 o inovador latic\u00ednio repleto de probi\u00f3ticos e minerais que est\u00e1 conquistando as pessoas"},"content":{"rendered":"\n<p><em>Essa bebida \u00e9&nbsp;\u00f3tima para a sa\u00fade intestinal e, inclusive, pode ser feita em casa facilmente<\/em><\/p>\n\n\n\n<div style=\"height:12px\" aria-hidden=\"true\" class=\"wp-block-spacer\"><\/div>\n\n\n\n<p>Sabemos que o iogurte \u00e9 uma op\u00e7\u00e3o saud\u00e1vel para incluir na alimenta\u00e7\u00e3o, principalmente as vers\u00f5es integrais, ou seja, sem adi\u00e7\u00e3o de a\u00e7\u00facares, saborizantes e conservantes. Afinal, \u00e9 uma boa fonte de prote\u00ednas e probi\u00f3ticos, sendo uma boa op\u00e7\u00e3o para qualquer hora do dia.<\/p>\n\n\n\n<p>Mas e se a gente te contar que um produto parecido com o iogurte tem tomado as prateleiras dos mercados por ser uma fonte ainda mais abundante de probi\u00f3ticos? Sim, essa op\u00e7\u00e3o existe e n\u00e3o \u00e9 nem iogurte e nem leite.<\/p>\n\n\n\n<p><strong>O que \u00e9 o kefir<\/strong><br>Voc\u00ea j\u00e1 deve ter ouvido falar do kefir ou at\u00e9 j\u00e1 visto para vender nas prateleiras, mas n\u00e3o sabia bem para que servia. Bem, kefir nada mais \u00e9 do que um leite fermentado, rico em minerais, como f\u00f3sforo e magn\u00e9sio, que fortalecem os ossos. O ingrediente principal do kefir deve ser o leite, com uma propor\u00e7\u00e3o aproximada de 95%.<\/p>\n\n\n\n<p>Ele tamb\u00e9m cont\u00e9m vitamina K, essencial para a coagula\u00e7\u00e3o sangu\u00ednea, e prote\u00ednas de f\u00e1cil digest\u00e3o, o que o torna ideal para pessoas com problemas digestivos ou intoler\u00e2ncias leves \u00e0 lactose, desde que n\u00e3o tenha a\u00e7\u00facares adicionados (\u00e9 bom sempre ler o r\u00f3tulo).<\/p>\n\n\n\n<p>Outra vantagem do kefir est\u00e1 exatamente nos probi\u00f3ticos! Os probi\u00f3ticos presentes no kefir s\u00e3o microrganismos vivos, como bact\u00e9rias e leveduras, que ajudam a equilibrar a flora intestinal, melhorando a digest\u00e3o e combatendo bact\u00e9rias nocivas. Isso pode aliviar problemas digestivos como constipa\u00e7\u00e3o e s\u00edndrome do intestino irrit\u00e1vel.<\/p>\n\n\n\n<p>Al\u00e9m de melhorar a digest\u00e3o, os probi\u00f3ticos do kefir fortalecem o sistema imunol\u00f3gico, ajudando a prevenir infec\u00e7\u00f5es e doen\u00e7as. Eles tamb\u00e9m possuem propriedades anti-inflamat\u00f3rias, que podem reduzir a inflama\u00e7\u00e3o cr\u00f4nica, e est\u00e3o associadas a benef\u00edcios para a sa\u00fade mental, como a redu\u00e7\u00e3o da ansiedade e da depress\u00e3o.<\/p>\n\n\n\n<p><strong>Como \u00e9 feito o kefir?<\/strong><br>O kefir \u00e9 produzido a partir da fermenta\u00e7\u00e3o do leite com gr\u00e3os de kefir, uma combina\u00e7\u00e3o de bact\u00e9rias e leveduras misturada com carboidratos complexos, prote\u00ednas e gorduras. Eles t\u00eam uma apar\u00eancia gelatinosa e irregular e s\u00e3o respons\u00e1veis pelo processo de fermenta\u00e7\u00e3o do leite para produzir o kefir.<\/p>\n\n\n\n<p>O processo come\u00e7a com a escolha do leite, que pode ser de vaca, cabra, ovelha ou at\u00e9 mesmo de origem vegetal. Ent\u00e3o, os gr\u00e3os s\u00e3o adicionados ao leite e s\u00e3o deixados em temperatura ambiente para fermentar, geralmente por um per\u00edodo de 12 a 48 horas.<\/p>\n\n\n\n<p>Durante esse tempo, as bact\u00e9rias e leveduras presentes nos gr\u00e3os fermentam a lactose do leite, produzindo \u00e1cido l\u00e1tico, \u00e1lcool e di\u00f3xido de carbono, o que d\u00e1 ao kefir sua textura espessa, sabor \u00e1cido e ligeiramente efervescente.<\/p>\n\n\n\n<p>Depois da fermenta\u00e7\u00e3o, os gr\u00e3os de kefir s\u00e3o removidos do l\u00edquido fermentado. Eles podem ser reutilizados para produzir mais kefir, enquanto o l\u00edquido fermentado restante \u00e9 o kefir pronto para consumo.<\/p>\n\n\n\n<p><strong>Fa\u00e7a seu kefir em casa<\/strong><br>Para fazer kefir em casa voc\u00ea s\u00f3 vai precisar de leite e de gr\u00e3os de kefir.<\/p>\n\n\n\n<ul class=\"wp-block-list\">\n<li>Coloque o leite integral em um recipiente de vidro higienizado<\/li>\n\n\n\n<li>Coloque os gr\u00e3os de kefir. S\u00e3o de 2 a 4 colheres (sopa) para 1 litro de leite<\/li>\n\n\n\n<li>Cubra com um pano limpo, prenda com um el\u00e1stico e deixe fermentando por 1 ou 2 dias em temperatura ambiente, de prefer\u00eancia um lugar escuro (como dentro de um arm\u00e1rio)<\/li>\n\n\n\n<li>Depois, \u00e9 s\u00f3 coar os gr\u00e3os e guardar o l\u00edquido fermentado em um pote com tampa<\/li>\n\n\n\n<li>Coloque os gr\u00e3os em um recipiente higienizado com leite para fazer mais kefir. Antes disso, voc\u00ea pode lavar os gr\u00e3os com \u00e1gua filtrada<\/li>\n<\/ul>\n\n\n\n<div style=\"height:22px\" aria-hidden=\"true\" class=\"wp-block-spacer\"><\/div>\n\n\n\n<p>Fonte:&nbsp;<a href=\"https:\/\/www.tudogostoso.com.br\/noticias\/nem-iogurte-nem-leite-esse-e-o-inovador-laticinio-repleto-de-probioticos-e-minerais-que-esta-conquistando-as-pessoas-a14877.htm\">Tudo Gostoso<\/a><\/p>\n","protected":false},"excerpt":{"rendered":"<p>Essa bebida \u00e9&nbsp;\u00f3tima para a sa\u00fade intestinal e, inclusive, pode ser feita em casa facilmente Sabemos que o iogurte \u00e9 uma op\u00e7\u00e3o saud\u00e1vel para incluir na alimenta\u00e7\u00e3o, principalmente as vers\u00f5es integrais, ou seja, sem adi\u00e7\u00e3o de a\u00e7\u00facares, saborizantes e conservantes. Afinal, \u00e9 uma boa fonte de prote\u00ednas e probi\u00f3ticos, sendo uma boa op\u00e7\u00e3o para qualquer [&hellip;]<\/p>\n","protected":false},"author":2,"featured_media":59486,"comment_status":"open","ping_status":"open","sticky":false,"template":"","format":"standard","meta":{"footnotes":""},"categories":[519],"tags":[],"class_list":["post-59484","post","type-post","status-publish","format-standard","has-post-thumbnail","hentry","category-lacteo"],"yoast_head":"<!-- This site is optimized with the Yoast SEO plugin v24.5 - https:\/\/yoast.com\/wordpress\/plugins\/seo\/ -->\n<title>Nem iogurte nem leite: esse \u00e9 o inovador latic\u00ednio repleto de probi\u00f3ticos e minerais que est\u00e1 conquistando as pessoas | lacteus : Gest\u00e3o para Latic\u00ednios<\/title>\n<meta name=\"robots\" content=\"index, follow, max-snippet:-1, max-image-preview:large, max-video-preview:-1\" \/>\n<link rel=\"canonical\" href=\"https:\/\/lacteus.com.br\/v5\/2024\/08\/nem-iogurte-nem-leite-esse-e-o-inovador-laticinio-repleto-de-probioticos-e-minerais-que-esta-conquistando-as-pessoas\/\" \/>\n<meta property=\"og:locale\" content=\"pt_BR\" \/>\n<meta property=\"og:type\" content=\"article\" \/>\n<meta property=\"og:title\" content=\"Nem iogurte nem leite: esse \u00e9 o inovador latic\u00ednio repleto de probi\u00f3ticos e minerais que est\u00e1 conquistando as pessoas | lacteus : Gest\u00e3o para Latic\u00ednios\" \/>\n<meta property=\"og:description\" content=\"Essa bebida \u00e9&nbsp;\u00f3tima para a sa\u00fade intestinal e, inclusive, pode ser feita em casa facilmente Sabemos que o iogurte \u00e9 uma op\u00e7\u00e3o saud\u00e1vel para incluir na alimenta\u00e7\u00e3o, principalmente as vers\u00f5es integrais, ou seja, sem adi\u00e7\u00e3o de a\u00e7\u00facares, saborizantes e conservantes. Afinal, \u00e9 uma boa fonte de prote\u00ednas e probi\u00f3ticos, sendo uma boa op\u00e7\u00e3o para qualquer [&hellip;]\" \/>\n<meta property=\"og:url\" content=\"https:\/\/lacteus.com.br\/v5\/2024\/08\/nem-iogurte-nem-leite-esse-e-o-inovador-laticinio-repleto-de-probioticos-e-minerais-que-esta-conquistando-as-pessoas\/\" \/>\n<meta property=\"og:site_name\" content=\"lacteus : Gest\u00e3o para Latic\u00ednios\" \/>\n<meta property=\"article:publisher\" content=\"https:\/\/www.facebook.com\/lacteusbrasil\" \/>\n<meta property=\"article:published_time\" content=\"2024-08-27T20:12:40+00:00\" \/>\n<meta property=\"article:modified_time\" content=\"2024-08-27T20:12:43+00:00\" \/>\n<meta property=\"og:image\" content=\"https:\/\/lacteus.com.br\/v5\/wp-content\/uploads\/2024\/08\/Sem-titulo-24.jpg\" \/>\n\t<meta property=\"og:image:width\" content=\"1600\" \/>\n\t<meta property=\"og:image:height\" content=\"800\" \/>\n\t<meta property=\"og:image:type\" content=\"image\/jpeg\" \/>\n<meta name=\"author\" content=\"Daniel Couri\" \/>\n<meta name=\"twitter:card\" content=\"summary_large_image\" \/>\n<meta name=\"twitter:creator\" content=\"@lacteusbrasil\" \/>\n<meta name=\"twitter:site\" content=\"@lacteusbrasil\" \/>\n<meta name=\"twitter:label1\" content=\"Escrito por\" \/>\n\t<meta name=\"twitter:data1\" content=\"Daniel Couri\" \/>\n\t<meta name=\"twitter:label2\" content=\"Est. tempo de leitura\" \/>\n\t<meta name=\"twitter:data2\" content=\"3 minutos\" \/>\n<script type=\"application\/ld+json\" class=\"yoast-schema-graph\">{\"@context\":\"https:\/\/schema.org\",\"@graph\":[{\"@type\":\"Article\",\"@id\":\"https:\/\/lacteus.com.br\/v5\/2024\/08\/nem-iogurte-nem-leite-esse-e-o-inovador-laticinio-repleto-de-probioticos-e-minerais-que-esta-conquistando-as-pessoas\/#article\",\"isPartOf\":{\"@id\":\"https:\/\/lacteus.com.br\/v5\/2024\/08\/nem-iogurte-nem-leite-esse-e-o-inovador-laticinio-repleto-de-probioticos-e-minerais-que-esta-conquistando-as-pessoas\/\"},\"author\":{\"name\":\"Daniel Couri\",\"@id\":\"https:\/\/lacteus.com.br\/v5\/#\/schema\/person\/ddc73f97a34b201fe113dc1664f47663\"},\"headline\":\"Nem iogurte nem leite: esse \u00e9 o inovador latic\u00ednio repleto de probi\u00f3ticos e minerais que est\u00e1 conquistando as pessoas\",\"datePublished\":\"2024-08-27T20:12:40+00:00\",\"dateModified\":\"2024-08-27T20:12:43+00:00\",\"mainEntityOfPage\":{\"@id\":\"https:\/\/lacteus.com.br\/v5\/2024\/08\/nem-iogurte-nem-leite-esse-e-o-inovador-laticinio-repleto-de-probioticos-e-minerais-que-esta-conquistando-as-pessoas\/\"},\"wordCount\":673,\"commentCount\":0,\"publisher\":{\"@id\":\"https:\/\/lacteus.com.br\/v5\/#organization\"},\"image\":{\"@id\":\"https:\/\/lacteus.com.br\/v5\/2024\/08\/nem-iogurte-nem-leite-esse-e-o-inovador-laticinio-repleto-de-probioticos-e-minerais-que-esta-conquistando-as-pessoas\/#primaryimage\"},\"thumbnailUrl\":\"https:\/\/lacteus.com.br\/v5\/wp-content\/uploads\/2024\/08\/Sem-titulo-24.jpg\",\"articleSection\":[\"L\u00e1cteo\"],\"inLanguage\":\"pt-BR\",\"potentialAction\":[{\"@type\":\"CommentAction\",\"name\":\"Comment\",\"target\":[\"https:\/\/lacteus.com.br\/v5\/2024\/08\/nem-iogurte-nem-leite-esse-e-o-inovador-laticinio-repleto-de-probioticos-e-minerais-que-esta-conquistando-as-pessoas\/#respond\"]}]},{\"@type\":\"WebPage\",\"@id\":\"https:\/\/lacteus.com.br\/v5\/2024\/08\/nem-iogurte-nem-leite-esse-e-o-inovador-laticinio-repleto-de-probioticos-e-minerais-que-esta-conquistando-as-pessoas\/\",\"url\":\"https:\/\/lacteus.com.br\/v5\/2024\/08\/nem-iogurte-nem-leite-esse-e-o-inovador-laticinio-repleto-de-probioticos-e-minerais-que-esta-conquistando-as-pessoas\/\",\"name\":\"Nem iogurte nem leite: esse \u00e9 o inovador latic\u00ednio repleto de probi\u00f3ticos e minerais que est\u00e1 conquistando as pessoas | lacteus : Gest\u00e3o para Latic\u00ednios\",\"isPartOf\":{\"@id\":\"https:\/\/lacteus.com.br\/v5\/#website\"},\"primaryImageOfPage\":{\"@id\":\"https:\/\/lacteus.com.br\/v5\/2024\/08\/nem-iogurte-nem-leite-esse-e-o-inovador-laticinio-repleto-de-probioticos-e-minerais-que-esta-conquistando-as-pessoas\/#primaryimage\"},\"image\":{\"@id\":\"https:\/\/lacteus.com.br\/v5\/2024\/08\/nem-iogurte-nem-leite-esse-e-o-inovador-laticinio-repleto-de-probioticos-e-minerais-que-esta-conquistando-as-pessoas\/#primaryimage\"},\"thumbnailUrl\":\"https:\/\/lacteus.com.br\/v5\/wp-content\/uploads\/2024\/08\/Sem-titulo-24.jpg\",\"datePublished\":\"2024-08-27T20:12:40+00:00\",\"dateModified\":\"2024-08-27T20:12:43+00:00\",\"breadcrumb\":{\"@id\":\"https:\/\/lacteus.com.br\/v5\/2024\/08\/nem-iogurte-nem-leite-esse-e-o-inovador-laticinio-repleto-de-probioticos-e-minerais-que-esta-conquistando-as-pessoas\/#breadcrumb\"},\"inLanguage\":\"pt-BR\",\"potentialAction\":[{\"@type\":\"ReadAction\",\"target\":[\"https:\/\/lacteus.com.br\/v5\/2024\/08\/nem-iogurte-nem-leite-esse-e-o-inovador-laticinio-repleto-de-probioticos-e-minerais-que-esta-conquistando-as-pessoas\/\"]}]},{\"@type\":\"ImageObject\",\"inLanguage\":\"pt-BR\",\"@id\":\"https:\/\/lacteus.com.br\/v5\/2024\/08\/nem-iogurte-nem-leite-esse-e-o-inovador-laticinio-repleto-de-probioticos-e-minerais-que-esta-conquistando-as-pessoas\/#primaryimage\",\"url\":\"https:\/\/lacteus.com.br\/v5\/wp-content\/uploads\/2024\/08\/Sem-titulo-24.jpg\",\"contentUrl\":\"https:\/\/lacteus.com.br\/v5\/wp-content\/uploads\/2024\/08\/Sem-titulo-24.jpg\",\"width\":1600,\"height\":800},{\"@type\":\"BreadcrumbList\",\"@id\":\"https:\/\/lacteus.com.br\/v5\/2024\/08\/nem-iogurte-nem-leite-esse-e-o-inovador-laticinio-repleto-de-probioticos-e-minerais-que-esta-conquistando-as-pessoas\/#breadcrumb\",\"itemListElement\":[{\"@type\":\"ListItem\",\"position\":1,\"name\":\"In\u00edcio\",\"item\":\"https:\/\/lacteus.com.br\/v5\/\"},{\"@type\":\"ListItem\",\"position\":2,\"name\":\"Nem iogurte nem leite: esse \u00e9 o inovador latic\u00ednio repleto de probi\u00f3ticos e minerais que est\u00e1 conquistando as pessoas\"}]},{\"@type\":\"WebSite\",\"@id\":\"https:\/\/lacteus.com.br\/v5\/#website\",\"url\":\"https:\/\/lacteus.com.br\/v5\/\",\"name\":\"lacteus : Gest\u00e3o para Latic\u00ednios\",\"description\":\"\",\"publisher\":{\"@id\":\"https:\/\/lacteus.com.br\/v5\/#organization\"},\"potentialAction\":[{\"@type\":\"SearchAction\",\"target\":{\"@type\":\"EntryPoint\",\"urlTemplate\":\"https:\/\/lacteus.com.br\/v5\/?s={search_term_string}\"},\"query-input\":{\"@type\":\"PropertyValueSpecification\",\"valueRequired\":true,\"valueName\":\"search_term_string\"}}],\"inLanguage\":\"pt-BR\"},{\"@type\":\"Organization\",\"@id\":\"https:\/\/lacteus.com.br\/v5\/#organization\",\"name\":\"Lacteus Gest\u00e3o para Latic\u00ednios\",\"url\":\"https:\/\/lacteus.com.br\/v5\/\",\"logo\":{\"@type\":\"ImageObject\",\"inLanguage\":\"pt-BR\",\"@id\":\"https:\/\/lacteus.com.br\/v5\/#\/schema\/logo\/image\/\",\"url\":\"https:\/\/lacteus.com.br\/v5\/wp-content\/uploads\/2021\/07\/logo-H-100.png\",\"contentUrl\":\"https:\/\/lacteus.com.br\/v5\/wp-content\/uploads\/2021\/07\/logo-H-100.png\",\"width\":524,\"height\":100,\"caption\":\"Lacteus Gest\u00e3o para Latic\u00ednios\"},\"image\":{\"@id\":\"https:\/\/lacteus.com.br\/v5\/#\/schema\/logo\/image\/\"},\"sameAs\":[\"https:\/\/www.facebook.com\/lacteusbrasil\",\"https:\/\/x.com\/lacteusbrasil\",\"https:\/\/www.instagram.com\/lacteusbrasil\",\"https:\/\/www.linkedin.com\/company\/lacteusbrasil\",\"https:\/\/www.youtube.com\/lacteusbrasil\"]},{\"@type\":\"Person\",\"@id\":\"https:\/\/lacteus.com.br\/v5\/#\/schema\/person\/ddc73f97a34b201fe113dc1664f47663\",\"name\":\"Daniel Couri\",\"image\":{\"@type\":\"ImageObject\",\"inLanguage\":\"pt-BR\",\"@id\":\"https:\/\/lacteus.com.br\/v5\/#\/schema\/person\/image\/\",\"url\":\"https:\/\/secure.gravatar.com\/avatar\/f3d1b137704d5c421cfbaf597096ebfb?s=96&d=mm&r=g\",\"contentUrl\":\"https:\/\/secure.gravatar.com\/avatar\/f3d1b137704d5c421cfbaf597096ebfb?s=96&d=mm&r=g\",\"caption\":\"Daniel Couri\"},\"url\":\"https:\/\/lacteus.com.br\/v5\/author\/comunicacao\/\"}]}<\/script>\n<!-- \/ Yoast SEO plugin. -->","yoast_head_json":{"title":"Nem iogurte nem leite: esse \u00e9 o inovador latic\u00ednio repleto de probi\u00f3ticos e minerais que est\u00e1 conquistando as pessoas | lacteus : Gest\u00e3o para Latic\u00ednios","robots":{"index":"index","follow":"follow","max-snippet":"max-snippet:-1","max-image-preview":"max-image-preview:large","max-video-preview":"max-video-preview:-1"},"canonical":"https:\/\/lacteus.com.br\/v5\/2024\/08\/nem-iogurte-nem-leite-esse-e-o-inovador-laticinio-repleto-de-probioticos-e-minerais-que-esta-conquistando-as-pessoas\/","og_locale":"pt_BR","og_type":"article","og_title":"Nem iogurte nem leite: esse \u00e9 o inovador latic\u00ednio repleto de probi\u00f3ticos e minerais que est\u00e1 conquistando as pessoas | lacteus : Gest\u00e3o para Latic\u00ednios","og_description":"Essa bebida \u00e9&nbsp;\u00f3tima para a sa\u00fade intestinal e, inclusive, pode ser feita em casa facilmente Sabemos que o iogurte \u00e9 uma op\u00e7\u00e3o saud\u00e1vel para incluir na alimenta\u00e7\u00e3o, principalmente as vers\u00f5es integrais, ou seja, sem adi\u00e7\u00e3o de a\u00e7\u00facares, saborizantes e conservantes. Afinal, \u00e9 uma boa fonte de prote\u00ednas e probi\u00f3ticos, sendo uma boa op\u00e7\u00e3o para qualquer [&hellip;]","og_url":"https:\/\/lacteus.com.br\/v5\/2024\/08\/nem-iogurte-nem-leite-esse-e-o-inovador-laticinio-repleto-de-probioticos-e-minerais-que-esta-conquistando-as-pessoas\/","og_site_name":"lacteus : Gest\u00e3o para Latic\u00ednios","article_publisher":"https:\/\/www.facebook.com\/lacteusbrasil","article_published_time":"2024-08-27T20:12:40+00:00","article_modified_time":"2024-08-27T20:12:43+00:00","og_image":[{"width":1600,"height":800,"url":"https:\/\/lacteus.com.br\/v5\/wp-content\/uploads\/2024\/08\/Sem-titulo-24.jpg","type":"image\/jpeg"}],"author":"Daniel Couri","twitter_card":"summary_large_image","twitter_creator":"@lacteusbrasil","twitter_site":"@lacteusbrasil","twitter_misc":{"Escrito por":"Daniel Couri","Est. tempo de leitura":"3 minutos"},"schema":{"@context":"https:\/\/schema.org","@graph":[{"@type":"Article","@id":"https:\/\/lacteus.com.br\/v5\/2024\/08\/nem-iogurte-nem-leite-esse-e-o-inovador-laticinio-repleto-de-probioticos-e-minerais-que-esta-conquistando-as-pessoas\/#article","isPartOf":{"@id":"https:\/\/lacteus.com.br\/v5\/2024\/08\/nem-iogurte-nem-leite-esse-e-o-inovador-laticinio-repleto-de-probioticos-e-minerais-que-esta-conquistando-as-pessoas\/"},"author":{"name":"Daniel Couri","@id":"https:\/\/lacteus.com.br\/v5\/#\/schema\/person\/ddc73f97a34b201fe113dc1664f47663"},"headline":"Nem iogurte nem leite: esse \u00e9 o inovador latic\u00ednio repleto de probi\u00f3ticos e minerais que est\u00e1 conquistando as pessoas","datePublished":"2024-08-27T20:12:40+00:00","dateModified":"2024-08-27T20:12:43+00:00","mainEntityOfPage":{"@id":"https:\/\/lacteus.com.br\/v5\/2024\/08\/nem-iogurte-nem-leite-esse-e-o-inovador-laticinio-repleto-de-probioticos-e-minerais-que-esta-conquistando-as-pessoas\/"},"wordCount":673,"commentCount":0,"publisher":{"@id":"https:\/\/lacteus.com.br\/v5\/#organization"},"image":{"@id":"https:\/\/lacteus.com.br\/v5\/2024\/08\/nem-iogurte-nem-leite-esse-e-o-inovador-laticinio-repleto-de-probioticos-e-minerais-que-esta-conquistando-as-pessoas\/#primaryimage"},"thumbnailUrl":"https:\/\/lacteus.com.br\/v5\/wp-content\/uploads\/2024\/08\/Sem-titulo-24.jpg","articleSection":["L\u00e1cteo"],"inLanguage":"pt-BR","potentialAction":[{"@type":"CommentAction","name":"Comment","target":["https:\/\/lacteus.com.br\/v5\/2024\/08\/nem-iogurte-nem-leite-esse-e-o-inovador-laticinio-repleto-de-probioticos-e-minerais-que-esta-conquistando-as-pessoas\/#respond"]}]},{"@type":"WebPage","@id":"https:\/\/lacteus.com.br\/v5\/2024\/08\/nem-iogurte-nem-leite-esse-e-o-inovador-laticinio-repleto-de-probioticos-e-minerais-que-esta-conquistando-as-pessoas\/","url":"https:\/\/lacteus.com.br\/v5\/2024\/08\/nem-iogurte-nem-leite-esse-e-o-inovador-laticinio-repleto-de-probioticos-e-minerais-que-esta-conquistando-as-pessoas\/","name":"Nem iogurte nem leite: esse \u00e9 o inovador latic\u00ednio repleto de probi\u00f3ticos e minerais que est\u00e1 conquistando as pessoas | lacteus : Gest\u00e3o para Latic\u00ednios","isPartOf":{"@id":"https:\/\/lacteus.com.br\/v5\/#website"},"primaryImageOfPage":{"@id":"https:\/\/lacteus.com.br\/v5\/2024\/08\/nem-iogurte-nem-leite-esse-e-o-inovador-laticinio-repleto-de-probioticos-e-minerais-que-esta-conquistando-as-pessoas\/#primaryimage"},"image":{"@id":"https:\/\/lacteus.com.br\/v5\/2024\/08\/nem-iogurte-nem-leite-esse-e-o-inovador-laticinio-repleto-de-probioticos-e-minerais-que-esta-conquistando-as-pessoas\/#primaryimage"},"thumbnailUrl":"https:\/\/lacteus.com.br\/v5\/wp-content\/uploads\/2024\/08\/Sem-titulo-24.jpg","datePublished":"2024-08-27T20:12:40+00:00","dateModified":"2024-08-27T20:12:43+00:00","breadcrumb":{"@id":"https:\/\/lacteus.com.br\/v5\/2024\/08\/nem-iogurte-nem-leite-esse-e-o-inovador-laticinio-repleto-de-probioticos-e-minerais-que-esta-conquistando-as-pessoas\/#breadcrumb"},"inLanguage":"pt-BR","potentialAction":[{"@type":"ReadAction","target":["https:\/\/lacteus.com.br\/v5\/2024\/08\/nem-iogurte-nem-leite-esse-e-o-inovador-laticinio-repleto-de-probioticos-e-minerais-que-esta-conquistando-as-pessoas\/"]}]},{"@type":"ImageObject","inLanguage":"pt-BR","@id":"https:\/\/lacteus.com.br\/v5\/2024\/08\/nem-iogurte-nem-leite-esse-e-o-inovador-laticinio-repleto-de-probioticos-e-minerais-que-esta-conquistando-as-pessoas\/#primaryimage","url":"https:\/\/lacteus.com.br\/v5\/wp-content\/uploads\/2024\/08\/Sem-titulo-24.jpg","contentUrl":"https:\/\/lacteus.com.br\/v5\/wp-content\/uploads\/2024\/08\/Sem-titulo-24.jpg","width":1600,"height":800},{"@type":"BreadcrumbList","@id":"https:\/\/lacteus.com.br\/v5\/2024\/08\/nem-iogurte-nem-leite-esse-e-o-inovador-laticinio-repleto-de-probioticos-e-minerais-que-esta-conquistando-as-pessoas\/#breadcrumb","itemListElement":[{"@type":"ListItem","position":1,"name":"In\u00edcio","item":"https:\/\/lacteus.com.br\/v5\/"},{"@type":"ListItem","position":2,"name":"Nem iogurte nem leite: esse \u00e9 o inovador latic\u00ednio repleto de probi\u00f3ticos e minerais que est\u00e1 conquistando as pessoas"}]},{"@type":"WebSite","@id":"https:\/\/lacteus.com.br\/v5\/#website","url":"https:\/\/lacteus.com.br\/v5\/","name":"lacteus : Gest\u00e3o para Latic\u00ednios","description":"","publisher":{"@id":"https:\/\/lacteus.com.br\/v5\/#organization"},"potentialAction":[{"@type":"SearchAction","target":{"@type":"EntryPoint","urlTemplate":"https:\/\/lacteus.com.br\/v5\/?s={search_term_string}"},"query-input":{"@type":"PropertyValueSpecification","valueRequired":true,"valueName":"search_term_string"}}],"inLanguage":"pt-BR"},{"@type":"Organization","@id":"https:\/\/lacteus.com.br\/v5\/#organization","name":"Lacteus Gest\u00e3o para Latic\u00ednios","url":"https:\/\/lacteus.com.br\/v5\/","logo":{"@type":"ImageObject","inLanguage":"pt-BR","@id":"https:\/\/lacteus.com.br\/v5\/#\/schema\/logo\/image\/","url":"https:\/\/lacteus.com.br\/v5\/wp-content\/uploads\/2021\/07\/logo-H-100.png","contentUrl":"https:\/\/lacteus.com.br\/v5\/wp-content\/uploads\/2021\/07\/logo-H-100.png","width":524,"height":100,"caption":"Lacteus Gest\u00e3o para Latic\u00ednios"},"image":{"@id":"https:\/\/lacteus.com.br\/v5\/#\/schema\/logo\/image\/"},"sameAs":["https:\/\/www.facebook.com\/lacteusbrasil","https:\/\/x.com\/lacteusbrasil","https:\/\/www.instagram.com\/lacteusbrasil","https:\/\/www.linkedin.com\/company\/lacteusbrasil","https:\/\/www.youtube.com\/lacteusbrasil"]},{"@type":"Person","@id":"https:\/\/lacteus.com.br\/v5\/#\/schema\/person\/ddc73f97a34b201fe113dc1664f47663","name":"Daniel Couri","image":{"@type":"ImageObject","inLanguage":"pt-BR","@id":"https:\/\/lacteus.com.br\/v5\/#\/schema\/person\/image\/","url":"https:\/\/secure.gravatar.com\/avatar\/f3d1b137704d5c421cfbaf597096ebfb?s=96&d=mm&r=g","contentUrl":"https:\/\/secure.gravatar.com\/avatar\/f3d1b137704d5c421cfbaf597096ebfb?s=96&d=mm&r=g","caption":"Daniel Couri"},"url":"https:\/\/lacteus.com.br\/v5\/author\/comunicacao\/"}]}},"_links":{"self":[{"href":"https:\/\/lacteus.com.br\/v5\/wp-json\/wp\/v2\/posts\/59484","targetHints":{"allow":["GET"]}}],"collection":[{"href":"https:\/\/lacteus.com.br\/v5\/wp-json\/wp\/v2\/posts"}],"about":[{"href":"https:\/\/lacteus.com.br\/v5\/wp-json\/wp\/v2\/types\/post"}],"author":[{"embeddable":true,"href":"https:\/\/lacteus.com.br\/v5\/wp-json\/wp\/v2\/users\/2"}],"replies":[{"embeddable":true,"href":"https:\/\/lacteus.com.br\/v5\/wp-json\/wp\/v2\/comments?post=59484"}],"version-history":[{"count":1,"href":"https:\/\/lacteus.com.br\/v5\/wp-json\/wp\/v2\/posts\/59484\/revisions"}],"predecessor-version":[{"id":59485,"href":"https:\/\/lacteus.com.br\/v5\/wp-json\/wp\/v2\/posts\/59484\/revisions\/59485"}],"wp:featuredmedia":[{"embeddable":true,"href":"https:\/\/lacteus.com.br\/v5\/wp-json\/wp\/v2\/media\/59486"}],"wp:attachment":[{"href":"https:\/\/lacteus.com.br\/v5\/wp-json\/wp\/v2\/media?parent=59484"}],"wp:term":[{"taxonomy":"category","embeddable":true,"href":"https:\/\/lacteus.com.br\/v5\/wp-json\/wp\/v2\/categories?post=59484"},{"taxonomy":"post_tag","embeddable":true,"href":"https:\/\/lacteus.com.br\/v5\/wp-json\/wp\/v2\/tags?post=59484"}],"curies":[{"name":"wp","href":"https:\/\/api.w.org\/{rel}","templated":true}]}}