{"id":58586,"date":"2023-09-28T13:26:45","date_gmt":"2023-09-28T16:26:45","guid":{"rendered":"https:\/\/lacteus.com.br\/v5\/?p=58586"},"modified":"2023-09-28T13:26:47","modified_gmt":"2023-09-28T16:26:47","slug":"tendencias-e-desafios-da-industria-de-lacteos-em-2023","status":"publish","type":"post","link":"https:\/\/lacteus.com.br\/v5\/2023\/09\/tendencias-e-desafios-da-industria-de-lacteos-em-2023\/","title":{"rendered":"Tend\u00eancias e desafios da ind\u00fastria de l\u00e1cteos em 2023"},"content":{"rendered":"\n<p>A ind\u00fastria de l\u00e1cteos, um dos pilares do mercado global de alimentos, est\u00e1 enfrentando uma s\u00e9rie de mudan\u00e7as e desafios em 2023. Como o primeiro semestre do ano ficou para tr\u00e1s, parece que as perspectivas de vendas de commodities l\u00e1cteas foram marcadas por uma queda significativa nos pre\u00e7os em compara\u00e7\u00e3o com o mesmo per\u00edodo de 2022.<\/p>\n\n\n\n<p>Esse decl\u00ednio&nbsp;<strong>lan\u00e7ou uma sombra sobre as receitas de in\u00fameras empresas de l\u00e1cteos&nbsp;<\/strong>proeminentes, que est\u00e3o lutando com volumes est\u00e1veis ou apenas marginalmente aumentados que n\u00e3o conseguem contrabalan\u00e7ar a tend\u00eancia de queda dos pre\u00e7os. Um fator crucial que contribui para essa estabiliza\u00e7\u00e3o do volume \u00e9 a escalada das press\u00f5es inflacion\u00e1rias experimentadas em mercados cr\u00edticos de l\u00e1cteos de consumo, principalmente na Europa.<\/p>\n\n\n\n<p><strong>Perspectivas de vendas: navegando na volatilidade dos pre\u00e7os<\/strong><\/p>\n\n\n\n<p>A queda nos pre\u00e7os dos l\u00e1cteos atingiu duramente o setor, causando mais do que apenas efeitos financeiros.&nbsp;<strong>Os volumes de produtos l\u00e1cteos estabilizaram um pouco, mas isso n\u00e3o \u00e9 suficiente para compensar<\/strong>&nbsp;a queda acentuada dos pre\u00e7os. Isso levou a receitas menores para os principais players do setor, que agora precisam ajustar seus planos para lidar com a situa\u00e7\u00e3o. Notavelmente, o impacto do aumento dos pre\u00e7os, especialmente na Europa, piorou a situa\u00e7\u00e3o, tornando o ambiente de vendas ainda mais complicado.<\/p>\n\n\n\n<p><strong>Perspectivas de margem: flutua\u00e7\u00f5es dos pre\u00e7os do leite e aumento dos custos das mat\u00e9rias-primas<\/strong><\/p>\n\n\n\n<p>Enquanto grandes players como Fonterra e Saputo experimentaram um primeiro trimestre forte, os produtores de leite europeus enfrentaram desafios no primeiro semestre de 2023. Um olhar mais atento revela que, embora os pre\u00e7os do leite tenham ca\u00eddo, a queda foi mais lenta do que a queda mais ampla nos pre\u00e7os das commodities l\u00e1cteas. Esse descompasso levou a um aumento inesperado dos custos relativos das mat\u00e9rias-primas.<\/p>\n\n\n\n<p>A situa\u00e7\u00e3o \u00e9 agravada por um atraso no ajuste dos pre\u00e7os do leite, for\u00e7ando as empresas a vender estoques produzidos quando os custos dos insumos eram mais altos aos pre\u00e7os mais baixos das commodities atuais. Isso afetou negativamente as margens de lucro do setor, como destaca a FrieslandCampina, cuja margem operacional (EBIT) caiu de 5% para 0,7% no per\u00edodo do primeiro semestre de 2022 ao primeiro semestre de 2023 (Figura 1).<\/p>\n\n\n\n<p>Figura 1. Margem operacional: FrieslandCampina.<\/p>\n\n\n\n<figure class=\"wp-block-image aligncenter size-full\"><img decoding=\"async\" src=\"https:\/\/lacteus.com.br\/v5\/wp-content\/uploads\/2023\/09\/pasted-image-0.png\" alt=\"\" class=\"wp-image-58587\"\/><\/figure>\n\n\n\n<p>A empresa aponta o atraso no reajuste do pre\u00e7o do leite como o principal motivo para as margens espremidas em suas divis\u00f5es de Alimentos &amp; Bebidas e Com\u00e9rcio. Curiosamente, os segmentos de Nutri\u00e7\u00e3o Especializada e Ingredientes tiveram um in\u00edcio melhor, potencialmente devido a serem menos afetados pelas mudan\u00e7as de pre\u00e7os impulsionadas pela infla\u00e7\u00e3o.<\/p>\n\n\n\n<p>Perspectivas a longo prazo: adapta\u00e7\u00e3o \u00e0s din\u00e2micas em transforma\u00e7\u00e3o<\/p>\n\n\n\n<p>Olhando para o futuro, vamos explorar as principais tend\u00eancias que moldar\u00e3o o caminho da ind\u00fastria de l\u00e1cteos no longo prazo.<\/p>\n\n\n\n<p>Adapta\u00e7\u00e3o \u00e0 estrat\u00e9gia &#8220;Farm to Fork&#8221; (da fazenda ao garfo, em tradu\u00e7\u00e3o livre) da UE \u2013 O setor leiteiro europeu est\u00e1 entrando em uma fase transformadora, com a estrat\u00e9gia Farm to Fork da UE na vanguarda. Esta estrat\u00e9gia visa reduzir o impacto ambiental das pr\u00e1ticas agr\u00edcolas e, sem d\u00favida, ter\u00e1 impacto na produ\u00e7\u00e3o leiteira. Com uma queda esperada na produ\u00e7\u00e3o de leite, os produtores devem se orientar para a cria\u00e7\u00e3o de produtos de valor agregado e se concentrar em segmentos espec\u00edficos para combater os efeitos da redu\u00e7\u00e3o da produ\u00e7\u00e3o. A adapta\u00e7\u00e3o bem sucedida a esta nova abordagem ser\u00e1 essencial para que os produtores da UE mantenham a rentabilidade e a sustentabilidade num panorama em evolu\u00e7\u00e3o.<\/p>\n\n\n\n<p>Ascens\u00e3o dos latic\u00ednios org\u00e2nicos<br>A \u00eanfase na produ\u00e7\u00e3o de latic\u00ednios org\u00e2nicos deve ganhar for\u00e7a nos pr\u00f3ximos anos. Esta abordagem \u00e9 vista como uma forma n\u00e3o s\u00f3 de sustentar os rendimentos dos produtores, mas tamb\u00e9m de fazer isso com uma pegada ambiental significativamente menor. Tend\u00eancias recentes destacam a estabilidade dos pre\u00e7os do leite org\u00e2nico quando comparados \u00e0s op\u00e7\u00f5es convencionais.<\/p>\n\n\n\n<p>Por exemplo, em julho de 2023, a FrieslandCampina observou uma queda de 10,7% com rela\u00e7\u00e3o ao ano anterior nos pre\u00e7os do leite org\u00e2nico, o que \u00e9 muito menos severo do que a queda substancial de 27,9% nos pre\u00e7os do leite regular.<\/p>\n\n\n\n<h2 class=\"wp-block-heading\">Expans\u00e3o de horizontes e diversifica\u00e7\u00e3o&nbsp;<\/h2>\n\n\n\n<p>Para al\u00e9m das suas fronteiras locais, as empresas europeias de l\u00e1cteos est\u00e3o reavaliando as suas estrat\u00e9gias para encontrar crescimento em novos territ\u00f3rios. Embora os esfor\u00e7os de expans\u00e3o anteriores se concentrassem principalmente no aumento das vendas nos mercados asi\u00e1ticos emergentes devido ao seu maior crescimento do consumo de l\u00e1cteos,<strong>&nbsp;os desenvolvimentos recentes mostram um interesse crescente em diversificar o fornecimento&nbsp;<\/strong>e n\u00e3o apenas expandir as vendas nessas regi\u00f5es.<\/p>\n\n\n\n<p>Notavelmente, o compromisso da Arla em refor\u00e7ar o desenvolvimento local de l\u00e1cteos na Nig\u00e9ria e os investimentos da FrieslandCampina no fornecimento de l\u00e1cteos no Paquist\u00e3o indicam uma\u00a0<strong>mudan\u00e7a significativa no foco para os principais players europeus de l\u00e1cteos<\/strong>. Esses movimentos estrat\u00e9gicos em pa\u00edses densamente povoados al\u00e9m de seus mercados dom\u00e9sticos refletem uma mudan\u00e7a not\u00e1vel na estrat\u00e9gia.<\/p>\n\n\n\n<div style=\"height:20px\" aria-hidden=\"true\" class=\"wp-block-spacer\"><\/div>\n\n\n\n<p>Fonte:\u00a0<a href=\"https:\/\/www.dairyglobal.net\/industry-and-markets\/market-trends\/dairy-industry-trends-and-challenges-in-2023\/\" target=\"_blank\" rel=\"noreferrer noopener\">Dairy Global<\/a>, via <a href=\"https:\/\/www.milkpoint.com.br\/noticias-e-mercado\/giro-noticias\/tendencias-e-desafios-da-industria-de-lacteos-em-2023-235143\/\" target=\"_blank\" rel=\"noreferrer noopener\">MilkPoint<\/a>.<\/p>\n","protected":false},"excerpt":{"rendered":"<p>A ind\u00fastria de l\u00e1cteos, um dos pilares do mercado global de alimentos, est\u00e1 enfrentando uma s\u00e9rie de mudan\u00e7as e desafios em 2023. Como o primeiro semestre do ano ficou para tr\u00e1s, parece que as perspectivas de vendas de commodities l\u00e1cteas foram marcadas por uma queda significativa nos pre\u00e7os em compara\u00e7\u00e3o com o mesmo per\u00edodo de [&hellip;]<\/p>\n","protected":false},"author":2,"featured_media":0,"comment_status":"open","ping_status":"open","sticky":false,"template":"","format":"standard","meta":{"footnotes":""},"categories":[525],"tags":[],"class_list":["post-58586","post","type-post","status-publish","format-standard","hentry","category-noticias"],"yoast_head":"<!-- This site is optimized with the Yoast SEO plugin v24.5 - https:\/\/yoast.com\/wordpress\/plugins\/seo\/ -->\n<title>Tend\u00eancias e desafios da ind\u00fastria de l\u00e1cteos em 2023 | lacteus : Gest\u00e3o para Latic\u00ednios<\/title>\n<meta name=\"robots\" content=\"index, follow, max-snippet:-1, max-image-preview:large, max-video-preview:-1\" \/>\n<link rel=\"canonical\" href=\"https:\/\/lacteus.com.br\/v5\/2023\/09\/tendencias-e-desafios-da-industria-de-lacteos-em-2023\/\" \/>\n<meta property=\"og:locale\" content=\"pt_BR\" \/>\n<meta property=\"og:type\" content=\"article\" \/>\n<meta property=\"og:title\" content=\"Tend\u00eancias e desafios da ind\u00fastria de l\u00e1cteos em 2023 | lacteus : Gest\u00e3o para Latic\u00ednios\" \/>\n<meta property=\"og:description\" content=\"A ind\u00fastria de l\u00e1cteos, um dos pilares do mercado global de alimentos, est\u00e1 enfrentando uma s\u00e9rie de mudan\u00e7as e desafios em 2023. Como o primeiro semestre do ano ficou para tr\u00e1s, parece que as perspectivas de vendas de commodities l\u00e1cteas foram marcadas por uma queda significativa nos pre\u00e7os em compara\u00e7\u00e3o com o mesmo per\u00edodo de [&hellip;]\" \/>\n<meta property=\"og:url\" content=\"https:\/\/lacteus.com.br\/v5\/2023\/09\/tendencias-e-desafios-da-industria-de-lacteos-em-2023\/\" \/>\n<meta property=\"og:site_name\" content=\"lacteus : Gest\u00e3o para Latic\u00ednios\" \/>\n<meta property=\"article:publisher\" content=\"https:\/\/www.facebook.com\/lacteusbrasil\" \/>\n<meta property=\"article:published_time\" content=\"2023-09-28T16:26:45+00:00\" \/>\n<meta property=\"article:modified_time\" content=\"2023-09-28T16:26:47+00:00\" \/>\n<meta property=\"og:image\" content=\"https:\/\/lacteus.com.br\/v5\/wp-content\/uploads\/2023\/09\/pasted-image-0.png\" \/>\n<meta name=\"author\" content=\"Daniel Couri\" \/>\n<meta name=\"twitter:card\" content=\"summary_large_image\" \/>\n<meta name=\"twitter:creator\" content=\"@lacteusbrasil\" \/>\n<meta name=\"twitter:site\" content=\"@lacteusbrasil\" \/>\n<meta name=\"twitter:label1\" content=\"Escrito por\" \/>\n\t<meta name=\"twitter:data1\" content=\"Daniel Couri\" \/>\n\t<meta name=\"twitter:label2\" content=\"Est. tempo de leitura\" \/>\n\t<meta name=\"twitter:data2\" content=\"4 minutos\" \/>\n<script type=\"application\/ld+json\" class=\"yoast-schema-graph\">{\"@context\":\"https:\/\/schema.org\",\"@graph\":[{\"@type\":\"Article\",\"@id\":\"https:\/\/lacteus.com.br\/v5\/2023\/09\/tendencias-e-desafios-da-industria-de-lacteos-em-2023\/#article\",\"isPartOf\":{\"@id\":\"https:\/\/lacteus.com.br\/v5\/2023\/09\/tendencias-e-desafios-da-industria-de-lacteos-em-2023\/\"},\"author\":{\"name\":\"Daniel Couri\",\"@id\":\"https:\/\/lacteus.com.br\/v5\/#\/schema\/person\/ddc73f97a34b201fe113dc1664f47663\"},\"headline\":\"Tend\u00eancias e desafios da ind\u00fastria de l\u00e1cteos em 2023\",\"datePublished\":\"2023-09-28T16:26:45+00:00\",\"dateModified\":\"2023-09-28T16:26:47+00:00\",\"mainEntityOfPage\":{\"@id\":\"https:\/\/lacteus.com.br\/v5\/2023\/09\/tendencias-e-desafios-da-industria-de-lacteos-em-2023\/\"},\"wordCount\":909,\"commentCount\":0,\"publisher\":{\"@id\":\"https:\/\/lacteus.com.br\/v5\/#organization\"},\"image\":{\"@id\":\"https:\/\/lacteus.com.br\/v5\/2023\/09\/tendencias-e-desafios-da-industria-de-lacteos-em-2023\/#primaryimage\"},\"thumbnailUrl\":\"https:\/\/lacteus.com.br\/v5\/wp-content\/uploads\/2023\/09\/pasted-image-0.png\",\"articleSection\":[\"Not\u00edcias\"],\"inLanguage\":\"pt-BR\",\"potentialAction\":[{\"@type\":\"CommentAction\",\"name\":\"Comment\",\"target\":[\"https:\/\/lacteus.com.br\/v5\/2023\/09\/tendencias-e-desafios-da-industria-de-lacteos-em-2023\/#respond\"]}]},{\"@type\":\"WebPage\",\"@id\":\"https:\/\/lacteus.com.br\/v5\/2023\/09\/tendencias-e-desafios-da-industria-de-lacteos-em-2023\/\",\"url\":\"https:\/\/lacteus.com.br\/v5\/2023\/09\/tendencias-e-desafios-da-industria-de-lacteos-em-2023\/\",\"name\":\"Tend\u00eancias e desafios da ind\u00fastria de l\u00e1cteos em 2023 | lacteus : Gest\u00e3o para Latic\u00ednios\",\"isPartOf\":{\"@id\":\"https:\/\/lacteus.com.br\/v5\/#website\"},\"primaryImageOfPage\":{\"@id\":\"https:\/\/lacteus.com.br\/v5\/2023\/09\/tendencias-e-desafios-da-industria-de-lacteos-em-2023\/#primaryimage\"},\"image\":{\"@id\":\"https:\/\/lacteus.com.br\/v5\/2023\/09\/tendencias-e-desafios-da-industria-de-lacteos-em-2023\/#primaryimage\"},\"thumbnailUrl\":\"https:\/\/lacteus.com.br\/v5\/wp-content\/uploads\/2023\/09\/pasted-image-0.png\",\"datePublished\":\"2023-09-28T16:26:45+00:00\",\"dateModified\":\"2023-09-28T16:26:47+00:00\",\"breadcrumb\":{\"@id\":\"https:\/\/lacteus.com.br\/v5\/2023\/09\/tendencias-e-desafios-da-industria-de-lacteos-em-2023\/#breadcrumb\"},\"inLanguage\":\"pt-BR\",\"potentialAction\":[{\"@type\":\"ReadAction\",\"target\":[\"https:\/\/lacteus.com.br\/v5\/2023\/09\/tendencias-e-desafios-da-industria-de-lacteos-em-2023\/\"]}]},{\"@type\":\"ImageObject\",\"inLanguage\":\"pt-BR\",\"@id\":\"https:\/\/lacteus.com.br\/v5\/2023\/09\/tendencias-e-desafios-da-industria-de-lacteos-em-2023\/#primaryimage\",\"url\":\"\",\"contentUrl\":\"\"},{\"@type\":\"BreadcrumbList\",\"@id\":\"https:\/\/lacteus.com.br\/v5\/2023\/09\/tendencias-e-desafios-da-industria-de-lacteos-em-2023\/#breadcrumb\",\"itemListElement\":[{\"@type\":\"ListItem\",\"position\":1,\"name\":\"In\u00edcio\",\"item\":\"https:\/\/lacteus.com.br\/v5\/\"},{\"@type\":\"ListItem\",\"position\":2,\"name\":\"Tend\u00eancias e desafios da ind\u00fastria de l\u00e1cteos em 2023\"}]},{\"@type\":\"WebSite\",\"@id\":\"https:\/\/lacteus.com.br\/v5\/#website\",\"url\":\"https:\/\/lacteus.com.br\/v5\/\",\"name\":\"lacteus : Gest\u00e3o para Latic\u00ednios\",\"description\":\"\",\"publisher\":{\"@id\":\"https:\/\/lacteus.com.br\/v5\/#organization\"},\"potentialAction\":[{\"@type\":\"SearchAction\",\"target\":{\"@type\":\"EntryPoint\",\"urlTemplate\":\"https:\/\/lacteus.com.br\/v5\/?s={search_term_string}\"},\"query-input\":{\"@type\":\"PropertyValueSpecification\",\"valueRequired\":true,\"valueName\":\"search_term_string\"}}],\"inLanguage\":\"pt-BR\"},{\"@type\":\"Organization\",\"@id\":\"https:\/\/lacteus.com.br\/v5\/#organization\",\"name\":\"Lacteus Gest\u00e3o para Latic\u00ednios\",\"url\":\"https:\/\/lacteus.com.br\/v5\/\",\"logo\":{\"@type\":\"ImageObject\",\"inLanguage\":\"pt-BR\",\"@id\":\"https:\/\/lacteus.com.br\/v5\/#\/schema\/logo\/image\/\",\"url\":\"https:\/\/lacteus.com.br\/v5\/wp-content\/uploads\/2021\/07\/logo-H-100.png\",\"contentUrl\":\"https:\/\/lacteus.com.br\/v5\/wp-content\/uploads\/2021\/07\/logo-H-100.png\",\"width\":524,\"height\":100,\"caption\":\"Lacteus Gest\u00e3o para Latic\u00ednios\"},\"image\":{\"@id\":\"https:\/\/lacteus.com.br\/v5\/#\/schema\/logo\/image\/\"},\"sameAs\":[\"https:\/\/www.facebook.com\/lacteusbrasil\",\"https:\/\/x.com\/lacteusbrasil\",\"https:\/\/www.instagram.com\/lacteusbrasil\",\"https:\/\/www.linkedin.com\/company\/lacteusbrasil\",\"https:\/\/www.youtube.com\/lacteusbrasil\"]},{\"@type\":\"Person\",\"@id\":\"https:\/\/lacteus.com.br\/v5\/#\/schema\/person\/ddc73f97a34b201fe113dc1664f47663\",\"name\":\"Daniel Couri\",\"image\":{\"@type\":\"ImageObject\",\"inLanguage\":\"pt-BR\",\"@id\":\"https:\/\/lacteus.com.br\/v5\/#\/schema\/person\/image\/\",\"url\":\"https:\/\/secure.gravatar.com\/avatar\/f3d1b137704d5c421cfbaf597096ebfb?s=96&d=mm&r=g\",\"contentUrl\":\"https:\/\/secure.gravatar.com\/avatar\/f3d1b137704d5c421cfbaf597096ebfb?s=96&d=mm&r=g\",\"caption\":\"Daniel Couri\"},\"url\":\"https:\/\/lacteus.com.br\/v5\/author\/comunicacao\/\"}]}<\/script>\n<!-- \/ Yoast SEO plugin. -->","yoast_head_json":{"title":"Tend\u00eancias e desafios da ind\u00fastria de l\u00e1cteos em 2023 | lacteus : Gest\u00e3o para Latic\u00ednios","robots":{"index":"index","follow":"follow","max-snippet":"max-snippet:-1","max-image-preview":"max-image-preview:large","max-video-preview":"max-video-preview:-1"},"canonical":"https:\/\/lacteus.com.br\/v5\/2023\/09\/tendencias-e-desafios-da-industria-de-lacteos-em-2023\/","og_locale":"pt_BR","og_type":"article","og_title":"Tend\u00eancias e desafios da ind\u00fastria de l\u00e1cteos em 2023 | lacteus : Gest\u00e3o para Latic\u00ednios","og_description":"A ind\u00fastria de l\u00e1cteos, um dos pilares do mercado global de alimentos, est\u00e1 enfrentando uma s\u00e9rie de mudan\u00e7as e desafios em 2023. Como o primeiro semestre do ano ficou para tr\u00e1s, parece que as perspectivas de vendas de commodities l\u00e1cteas foram marcadas por uma queda significativa nos pre\u00e7os em compara\u00e7\u00e3o com o mesmo per\u00edodo de [&hellip;]","og_url":"https:\/\/lacteus.com.br\/v5\/2023\/09\/tendencias-e-desafios-da-industria-de-lacteos-em-2023\/","og_site_name":"lacteus : Gest\u00e3o para Latic\u00ednios","article_publisher":"https:\/\/www.facebook.com\/lacteusbrasil","article_published_time":"2023-09-28T16:26:45+00:00","article_modified_time":"2023-09-28T16:26:47+00:00","og_image":[{"url":"https:\/\/lacteus.com.br\/v5\/wp-content\/uploads\/2023\/09\/pasted-image-0.png","type":"","width":"","height":""}],"author":"Daniel Couri","twitter_card":"summary_large_image","twitter_creator":"@lacteusbrasil","twitter_site":"@lacteusbrasil","twitter_misc":{"Escrito por":"Daniel Couri","Est. tempo de leitura":"4 minutos"},"schema":{"@context":"https:\/\/schema.org","@graph":[{"@type":"Article","@id":"https:\/\/lacteus.com.br\/v5\/2023\/09\/tendencias-e-desafios-da-industria-de-lacteos-em-2023\/#article","isPartOf":{"@id":"https:\/\/lacteus.com.br\/v5\/2023\/09\/tendencias-e-desafios-da-industria-de-lacteos-em-2023\/"},"author":{"name":"Daniel Couri","@id":"https:\/\/lacteus.com.br\/v5\/#\/schema\/person\/ddc73f97a34b201fe113dc1664f47663"},"headline":"Tend\u00eancias e desafios da ind\u00fastria de l\u00e1cteos em 2023","datePublished":"2023-09-28T16:26:45+00:00","dateModified":"2023-09-28T16:26:47+00:00","mainEntityOfPage":{"@id":"https:\/\/lacteus.com.br\/v5\/2023\/09\/tendencias-e-desafios-da-industria-de-lacteos-em-2023\/"},"wordCount":909,"commentCount":0,"publisher":{"@id":"https:\/\/lacteus.com.br\/v5\/#organization"},"image":{"@id":"https:\/\/lacteus.com.br\/v5\/2023\/09\/tendencias-e-desafios-da-industria-de-lacteos-em-2023\/#primaryimage"},"thumbnailUrl":"https:\/\/lacteus.com.br\/v5\/wp-content\/uploads\/2023\/09\/pasted-image-0.png","articleSection":["Not\u00edcias"],"inLanguage":"pt-BR","potentialAction":[{"@type":"CommentAction","name":"Comment","target":["https:\/\/lacteus.com.br\/v5\/2023\/09\/tendencias-e-desafios-da-industria-de-lacteos-em-2023\/#respond"]}]},{"@type":"WebPage","@id":"https:\/\/lacteus.com.br\/v5\/2023\/09\/tendencias-e-desafios-da-industria-de-lacteos-em-2023\/","url":"https:\/\/lacteus.com.br\/v5\/2023\/09\/tendencias-e-desafios-da-industria-de-lacteos-em-2023\/","name":"Tend\u00eancias e desafios da ind\u00fastria de l\u00e1cteos em 2023 | lacteus : Gest\u00e3o para Latic\u00ednios","isPartOf":{"@id":"https:\/\/lacteus.com.br\/v5\/#website"},"primaryImageOfPage":{"@id":"https:\/\/lacteus.com.br\/v5\/2023\/09\/tendencias-e-desafios-da-industria-de-lacteos-em-2023\/#primaryimage"},"image":{"@id":"https:\/\/lacteus.com.br\/v5\/2023\/09\/tendencias-e-desafios-da-industria-de-lacteos-em-2023\/#primaryimage"},"thumbnailUrl":"https:\/\/lacteus.com.br\/v5\/wp-content\/uploads\/2023\/09\/pasted-image-0.png","datePublished":"2023-09-28T16:26:45+00:00","dateModified":"2023-09-28T16:26:47+00:00","breadcrumb":{"@id":"https:\/\/lacteus.com.br\/v5\/2023\/09\/tendencias-e-desafios-da-industria-de-lacteos-em-2023\/#breadcrumb"},"inLanguage":"pt-BR","potentialAction":[{"@type":"ReadAction","target":["https:\/\/lacteus.com.br\/v5\/2023\/09\/tendencias-e-desafios-da-industria-de-lacteos-em-2023\/"]}]},{"@type":"ImageObject","inLanguage":"pt-BR","@id":"https:\/\/lacteus.com.br\/v5\/2023\/09\/tendencias-e-desafios-da-industria-de-lacteos-em-2023\/#primaryimage","url":"","contentUrl":""},{"@type":"BreadcrumbList","@id":"https:\/\/lacteus.com.br\/v5\/2023\/09\/tendencias-e-desafios-da-industria-de-lacteos-em-2023\/#breadcrumb","itemListElement":[{"@type":"ListItem","position":1,"name":"In\u00edcio","item":"https:\/\/lacteus.com.br\/v5\/"},{"@type":"ListItem","position":2,"name":"Tend\u00eancias e desafios da ind\u00fastria de l\u00e1cteos em 2023"}]},{"@type":"WebSite","@id":"https:\/\/lacteus.com.br\/v5\/#website","url":"https:\/\/lacteus.com.br\/v5\/","name":"lacteus : Gest\u00e3o para Latic\u00ednios","description":"","publisher":{"@id":"https:\/\/lacteus.com.br\/v5\/#organization"},"potentialAction":[{"@type":"SearchAction","target":{"@type":"EntryPoint","urlTemplate":"https:\/\/lacteus.com.br\/v5\/?s={search_term_string}"},"query-input":{"@type":"PropertyValueSpecification","valueRequired":true,"valueName":"search_term_string"}}],"inLanguage":"pt-BR"},{"@type":"Organization","@id":"https:\/\/lacteus.com.br\/v5\/#organization","name":"Lacteus Gest\u00e3o para Latic\u00ednios","url":"https:\/\/lacteus.com.br\/v5\/","logo":{"@type":"ImageObject","inLanguage":"pt-BR","@id":"https:\/\/lacteus.com.br\/v5\/#\/schema\/logo\/image\/","url":"https:\/\/lacteus.com.br\/v5\/wp-content\/uploads\/2021\/07\/logo-H-100.png","contentUrl":"https:\/\/lacteus.com.br\/v5\/wp-content\/uploads\/2021\/07\/logo-H-100.png","width":524,"height":100,"caption":"Lacteus Gest\u00e3o para Latic\u00ednios"},"image":{"@id":"https:\/\/lacteus.com.br\/v5\/#\/schema\/logo\/image\/"},"sameAs":["https:\/\/www.facebook.com\/lacteusbrasil","https:\/\/x.com\/lacteusbrasil","https:\/\/www.instagram.com\/lacteusbrasil","https:\/\/www.linkedin.com\/company\/lacteusbrasil","https:\/\/www.youtube.com\/lacteusbrasil"]},{"@type":"Person","@id":"https:\/\/lacteus.com.br\/v5\/#\/schema\/person\/ddc73f97a34b201fe113dc1664f47663","name":"Daniel Couri","image":{"@type":"ImageObject","inLanguage":"pt-BR","@id":"https:\/\/lacteus.com.br\/v5\/#\/schema\/person\/image\/","url":"https:\/\/secure.gravatar.com\/avatar\/f3d1b137704d5c421cfbaf597096ebfb?s=96&d=mm&r=g","contentUrl":"https:\/\/secure.gravatar.com\/avatar\/f3d1b137704d5c421cfbaf597096ebfb?s=96&d=mm&r=g","caption":"Daniel Couri"},"url":"https:\/\/lacteus.com.br\/v5\/author\/comunicacao\/"}]}},"_links":{"self":[{"href":"https:\/\/lacteus.com.br\/v5\/wp-json\/wp\/v2\/posts\/58586","targetHints":{"allow":["GET"]}}],"collection":[{"href":"https:\/\/lacteus.com.br\/v5\/wp-json\/wp\/v2\/posts"}],"about":[{"href":"https:\/\/lacteus.com.br\/v5\/wp-json\/wp\/v2\/types\/post"}],"author":[{"embeddable":true,"href":"https:\/\/lacteus.com.br\/v5\/wp-json\/wp\/v2\/users\/2"}],"replies":[{"embeddable":true,"href":"https:\/\/lacteus.com.br\/v5\/wp-json\/wp\/v2\/comments?post=58586"}],"version-history":[{"count":1,"href":"https:\/\/lacteus.com.br\/v5\/wp-json\/wp\/v2\/posts\/58586\/revisions"}],"predecessor-version":[{"id":58588,"href":"https:\/\/lacteus.com.br\/v5\/wp-json\/wp\/v2\/posts\/58586\/revisions\/58588"}],"wp:attachment":[{"href":"https:\/\/lacteus.com.br\/v5\/wp-json\/wp\/v2\/media?parent=58586"}],"wp:term":[{"taxonomy":"category","embeddable":true,"href":"https:\/\/lacteus.com.br\/v5\/wp-json\/wp\/v2\/categories?post=58586"},{"taxonomy":"post_tag","embeddable":true,"href":"https:\/\/lacteus.com.br\/v5\/wp-json\/wp\/v2\/tags?post=58586"}],"curies":[{"name":"wp","href":"https:\/\/api.w.org\/{rel}","templated":true}]}}