{"id":58379,"date":"2023-09-11T13:36:28","date_gmt":"2023-09-11T16:36:28","guid":{"rendered":"https:\/\/lacteus.com.br\/v5\/?p=58379"},"modified":"2023-09-11T13:36:30","modified_gmt":"2023-09-11T16:36:30","slug":"custo-de-producao-de-leite-tem-queda-de-02-em-agosto","status":"publish","type":"post","link":"https:\/\/lacteus.com.br\/v5\/2023\/09\/custo-de-producao-de-leite-tem-queda-de-02-em-agosto\/","title":{"rendered":"Custo de produ\u00e7\u00e3o de leite tem queda de 0,2% em agosto"},"content":{"rendered":"\n<p><\/p>\n\n\n\n<p><strong>Custo de produ\u00e7\u00e3o &#8211;<\/strong>&nbsp;Ap\u00f3s o solu\u00e7o inflacion\u00e1rio registrado em julho, o ICPLeite\/Embrapa voltou a registrar defla\u00e7\u00e3o no custo de produ\u00e7\u00e3o de leite em agosto, apresentando varia\u00e7\u00e3o de -0,2%.&nbsp;<\/p>\n\n\n\n<p>Os pre\u00e7os dos materiais de limpeza da ordenha, tiveram expressivo recuo e o grupo Qualidade do leite, apresentou a maior varia\u00e7\u00e3o negativa entre os grupos que comp\u00f5em este \u00edndice, -3,2%.<\/p>\n\n\n\n<p>Mas a queda verificada no ICPLeite\/Embrapa foi causada, principalmente, pelo recuo dos pre\u00e7os da ra\u00e7\u00e3o comercial (mistura pronta) e da maioria dos itens para a produ\u00e7\u00e3o de alimento concentrado, como o milho e outros, que tem maior participa\u00e7\u00e3o no custo de produ\u00e7\u00e3o total. Somente a soja teve um pequeno ajuste de pre\u00e7o, que n\u00e3o foi suficiente para suplantar a queda dos demais itens. O grupo Concentrado apresentou a segunda maior queda, -0,6%. O grupo Minerais apresentou pequena defla\u00e7\u00e3o de -0,1%.<\/p>\n\n\n\n<p>Tr\u00eas outros grupos apresentaram varia\u00e7\u00f5es positivas no m\u00eas. Em constante queda de pre\u00e7o desde dezembro\/22, o \u00f3leo diesel sofreu significativo aumento de pre\u00e7os em agosto, levando o grupo Energia e combust\u00edvel a apresentar a maior varia\u00e7\u00e3o positiva em agosto, de 0,9%. O segundo maior aumento foi registrado pelos grupos Sanidade e reprodu\u00e7\u00e3o, que teve eleva\u00e7\u00e3o de 0,6% e Volumosos, 0,3%. O grupo M\u00e3o de obra n\u00e3o registrou altera\u00e7\u00e3o. Os dados constam do Gr\u00e1fico 1.<\/p>\n\n\n\n<figure class=\"wp-block-image aligncenter size-full\"><img decoding=\"async\" src=\"https:\/\/lacteus.com.br\/v5\/wp-content\/uploads\/2023\/09\/a1.png\" alt=\"\" class=\"wp-image-58380\"\/><\/figure>\n\n\n\n<p><\/p>\n\n\n\n<p>Os custos acumulados no ano mant\u00eam a tend\u00eancia de defla\u00e7\u00e3o e fecham os oito meses com queda de -4,5%. A alimenta\u00e7\u00e3o dos animais \u00e9 que explica este desempenho, devido ao peso relativo no c\u00e1lculo e \u00e0 queda registrada no per\u00edodo. O grupo Concentrado teve varia\u00e7\u00e3o de &#8211; 13,8%, seguido pelo grupo Minerais, com -12,5% e o grupo Volumosos, com defla\u00e7\u00e3o de -11,5%.<\/p>\n\n\n\n<p>Quatro grupos registram crescimento de pre\u00e7os no acumulado do ano. O grupo Energia e combust\u00edvel teve aumento de custos de 19,8%, seguido pelo grupo Qualidade do leite, com 18,2%, pelo grupo M\u00e3o de obra com 11,3% e pelo grupo Sanidade e reprodu\u00e7\u00e3o, com varia\u00e7\u00e3o de 4,5%. Os dados constam do Gr\u00e1fico 2.<\/p>\n\n\n\n<figure class=\"wp-block-image aligncenter size-full\"><img decoding=\"async\" src=\"https:\/\/lacteus.com.br\/v5\/wp-content\/uploads\/2023\/09\/a2.png\" alt=\"\" class=\"wp-image-58381\"\/><\/figure>\n\n\n\n<p>Em doze meses, o ICPLeite\/Embrapa apresentou uma defla\u00e7\u00e3o de -7,5%. Esta varia\u00e7\u00e3o negativa acumulada n\u00e3o se verificava nesta intensidade desde setembro\/2017. Um fator a explicar este fen\u00f4meno diz respeito aos itens de custos que tem pre\u00e7os formados no mercado internacional, que ca\u00edram a partir do segundo semestre de 2022, ap\u00f3s serem afastadas as incertezas iniciais causadas pela Guerra na Ucr\u00e2nia. Fertilizantes e gr\u00e3os s\u00e3o exemplos. Os tr\u00eas grupos que comp\u00f5em a alimenta\u00e7\u00e3o do rebanho tiveram retra\u00e7\u00e3o de custos e foram respons\u00e1veis por este acumulado &#8211; Volumosos, Concentrado e Minerais. Os demais quatro grupos, mesmo registrando eleva\u00e7\u00e3o de pre\u00e7os, n\u00e3o causaram impacto suficiente para reverter o resultado de defla\u00e7\u00e3o. Os dados s\u00e3o apresentados no Gr\u00e1fico 3.<\/p>\n\n\n\n<figure class=\"wp-block-image aligncenter size-full\"><img decoding=\"async\" src=\"https:\/\/lacteus.com.br\/v5\/wp-content\/uploads\/2023\/09\/a3.png\" alt=\"\" class=\"wp-image-58382\"\/><\/figure>\n\n\n\n<p>A dissipa\u00e7\u00e3o do quadro de instabilidade causado pela guerra entre Ucr\u00e2nia e R\u00fassia e os ajustes das expectativas dos agentes do mercado quanto \u00e0s suas consequ\u00eancias refletiram diretamente no ICPLeite\/Embrapa. O Gr\u00e1fico 4 mostra a tend\u00eancia de queda no custo de produ\u00e7\u00e3o de leite ao longo de doze meses, dos quais em nove se verificou defla\u00e7\u00e3o.<\/p>\n\n\n\n<figure class=\"wp-block-image aligncenter size-full\"><img decoding=\"async\" src=\"https:\/\/lacteus.com.br\/v5\/wp-content\/uploads\/2023\/09\/a4.png\" alt=\"\" class=\"wp-image-58383\"\/><\/figure>\n\n\n\n<div style=\"height:17px\" aria-hidden=\"true\" class=\"wp-block-spacer\"><\/div>\n\n\n\n<p>Fonte: <a href=\"https:\/\/www.cileite.com.br\/sites\/default\/files\/ICPLeite_agosto_2023.pdf\" target=\"_blank\" rel=\"noreferrer noopener\">ICPLeite<\/a>, via site Terra Viva.<\/p>\n\n\n\n<p><\/p>\n","protected":false},"excerpt":{"rendered":"<p>Custo de produ\u00e7\u00e3o &#8211;&nbsp;Ap\u00f3s o solu\u00e7o inflacion\u00e1rio registrado em julho, o ICPLeite\/Embrapa voltou a registrar defla\u00e7\u00e3o no custo de produ\u00e7\u00e3o de leite em agosto, apresentando varia\u00e7\u00e3o de -0,2%.&nbsp; Os pre\u00e7os dos materiais de limpeza da ordenha, tiveram expressivo recuo e o grupo Qualidade do leite, apresentou a maior varia\u00e7\u00e3o negativa entre os grupos que comp\u00f5em [&hellip;]<\/p>\n","protected":false},"author":2,"featured_media":0,"comment_status":"open","ping_status":"open","sticky":false,"template":"","format":"standard","meta":{"footnotes":""},"categories":[525],"tags":[],"class_list":["post-58379","post","type-post","status-publish","format-standard","hentry","category-noticias"],"yoast_head":"<!-- This site is optimized with the Yoast SEO plugin v24.5 - https:\/\/yoast.com\/wordpress\/plugins\/seo\/ -->\n<title>Custo de produ\u00e7\u00e3o de leite tem queda de 0,2% em agosto | lacteus : Gest\u00e3o para Latic\u00ednios<\/title>\n<meta name=\"robots\" content=\"index, follow, max-snippet:-1, max-image-preview:large, max-video-preview:-1\" \/>\n<link rel=\"canonical\" href=\"https:\/\/lacteus.com.br\/v5\/2023\/09\/custo-de-producao-de-leite-tem-queda-de-02-em-agosto\/\" \/>\n<meta property=\"og:locale\" content=\"pt_BR\" \/>\n<meta property=\"og:type\" content=\"article\" \/>\n<meta property=\"og:title\" content=\"Custo de produ\u00e7\u00e3o de leite tem queda de 0,2% em agosto | lacteus : Gest\u00e3o para Latic\u00ednios\" \/>\n<meta property=\"og:description\" content=\"Custo de produ\u00e7\u00e3o &#8211;&nbsp;Ap\u00f3s o solu\u00e7o inflacion\u00e1rio registrado em julho, o ICPLeite\/Embrapa voltou a registrar defla\u00e7\u00e3o no custo de produ\u00e7\u00e3o de leite em agosto, apresentando varia\u00e7\u00e3o de -0,2%.&nbsp; Os pre\u00e7os dos materiais de limpeza da ordenha, tiveram expressivo recuo e o grupo Qualidade do leite, apresentou a maior varia\u00e7\u00e3o negativa entre os grupos que comp\u00f5em [&hellip;]\" \/>\n<meta property=\"og:url\" content=\"https:\/\/lacteus.com.br\/v5\/2023\/09\/custo-de-producao-de-leite-tem-queda-de-02-em-agosto\/\" \/>\n<meta property=\"og:site_name\" content=\"lacteus : Gest\u00e3o para Latic\u00ednios\" \/>\n<meta property=\"article:publisher\" content=\"https:\/\/www.facebook.com\/lacteusbrasil\" \/>\n<meta property=\"article:published_time\" content=\"2023-09-11T16:36:28+00:00\" \/>\n<meta property=\"article:modified_time\" content=\"2023-09-11T16:36:30+00:00\" \/>\n<meta property=\"og:image\" content=\"https:\/\/lacteus.com.br\/v5\/wp-content\/uploads\/2023\/09\/a1.png\" \/>\n<meta name=\"author\" content=\"Daniel Couri\" \/>\n<meta name=\"twitter:card\" content=\"summary_large_image\" \/>\n<meta name=\"twitter:creator\" content=\"@lacteusbrasil\" \/>\n<meta name=\"twitter:site\" content=\"@lacteusbrasil\" \/>\n<meta name=\"twitter:label1\" content=\"Escrito por\" \/>\n\t<meta name=\"twitter:data1\" content=\"Daniel Couri\" \/>\n\t<meta name=\"twitter:label2\" content=\"Est. tempo de leitura\" \/>\n\t<meta name=\"twitter:data2\" content=\"3 minutos\" \/>\n<script type=\"application\/ld+json\" class=\"yoast-schema-graph\">{\"@context\":\"https:\/\/schema.org\",\"@graph\":[{\"@type\":\"Article\",\"@id\":\"https:\/\/lacteus.com.br\/v5\/2023\/09\/custo-de-producao-de-leite-tem-queda-de-02-em-agosto\/#article\",\"isPartOf\":{\"@id\":\"https:\/\/lacteus.com.br\/v5\/2023\/09\/custo-de-producao-de-leite-tem-queda-de-02-em-agosto\/\"},\"author\":{\"name\":\"Daniel Couri\",\"@id\":\"https:\/\/lacteus.com.br\/v5\/#\/schema\/person\/ddc73f97a34b201fe113dc1664f47663\"},\"headline\":\"Custo de produ\u00e7\u00e3o de leite tem queda de 0,2% em agosto\",\"datePublished\":\"2023-09-11T16:36:28+00:00\",\"dateModified\":\"2023-09-11T16:36:30+00:00\",\"mainEntityOfPage\":{\"@id\":\"https:\/\/lacteus.com.br\/v5\/2023\/09\/custo-de-producao-de-leite-tem-queda-de-02-em-agosto\/\"},\"wordCount\":580,\"commentCount\":0,\"publisher\":{\"@id\":\"https:\/\/lacteus.com.br\/v5\/#organization\"},\"image\":{\"@id\":\"https:\/\/lacteus.com.br\/v5\/2023\/09\/custo-de-producao-de-leite-tem-queda-de-02-em-agosto\/#primaryimage\"},\"thumbnailUrl\":\"https:\/\/lacteus.com.br\/v5\/wp-content\/uploads\/2023\/09\/a1.png\",\"articleSection\":[\"Not\u00edcias\"],\"inLanguage\":\"pt-BR\",\"potentialAction\":[{\"@type\":\"CommentAction\",\"name\":\"Comment\",\"target\":[\"https:\/\/lacteus.com.br\/v5\/2023\/09\/custo-de-producao-de-leite-tem-queda-de-02-em-agosto\/#respond\"]}]},{\"@type\":\"WebPage\",\"@id\":\"https:\/\/lacteus.com.br\/v5\/2023\/09\/custo-de-producao-de-leite-tem-queda-de-02-em-agosto\/\",\"url\":\"https:\/\/lacteus.com.br\/v5\/2023\/09\/custo-de-producao-de-leite-tem-queda-de-02-em-agosto\/\",\"name\":\"Custo de produ\u00e7\u00e3o de leite tem queda de 0,2% em agosto | lacteus : Gest\u00e3o para Latic\u00ednios\",\"isPartOf\":{\"@id\":\"https:\/\/lacteus.com.br\/v5\/#website\"},\"primaryImageOfPage\":{\"@id\":\"https:\/\/lacteus.com.br\/v5\/2023\/09\/custo-de-producao-de-leite-tem-queda-de-02-em-agosto\/#primaryimage\"},\"image\":{\"@id\":\"https:\/\/lacteus.com.br\/v5\/2023\/09\/custo-de-producao-de-leite-tem-queda-de-02-em-agosto\/#primaryimage\"},\"thumbnailUrl\":\"https:\/\/lacteus.com.br\/v5\/wp-content\/uploads\/2023\/09\/a1.png\",\"datePublished\":\"2023-09-11T16:36:28+00:00\",\"dateModified\":\"2023-09-11T16:36:30+00:00\",\"breadcrumb\":{\"@id\":\"https:\/\/lacteus.com.br\/v5\/2023\/09\/custo-de-producao-de-leite-tem-queda-de-02-em-agosto\/#breadcrumb\"},\"inLanguage\":\"pt-BR\",\"potentialAction\":[{\"@type\":\"ReadAction\",\"target\":[\"https:\/\/lacteus.com.br\/v5\/2023\/09\/custo-de-producao-de-leite-tem-queda-de-02-em-agosto\/\"]}]},{\"@type\":\"ImageObject\",\"inLanguage\":\"pt-BR\",\"@id\":\"https:\/\/lacteus.com.br\/v5\/2023\/09\/custo-de-producao-de-leite-tem-queda-de-02-em-agosto\/#primaryimage\",\"url\":\"https:\/\/lacteus.com.br\/v5\/wp-content\/uploads\/2023\/09\/a1.png\",\"contentUrl\":\"https:\/\/lacteus.com.br\/v5\/wp-content\/uploads\/2023\/09\/a1.png\"},{\"@type\":\"BreadcrumbList\",\"@id\":\"https:\/\/lacteus.com.br\/v5\/2023\/09\/custo-de-producao-de-leite-tem-queda-de-02-em-agosto\/#breadcrumb\",\"itemListElement\":[{\"@type\":\"ListItem\",\"position\":1,\"name\":\"In\u00edcio\",\"item\":\"https:\/\/lacteus.com.br\/v5\/\"},{\"@type\":\"ListItem\",\"position\":2,\"name\":\"Custo de produ\u00e7\u00e3o de leite tem queda de 0,2% em agosto\"}]},{\"@type\":\"WebSite\",\"@id\":\"https:\/\/lacteus.com.br\/v5\/#website\",\"url\":\"https:\/\/lacteus.com.br\/v5\/\",\"name\":\"lacteus : Gest\u00e3o para Latic\u00ednios\",\"description\":\"\",\"publisher\":{\"@id\":\"https:\/\/lacteus.com.br\/v5\/#organization\"},\"potentialAction\":[{\"@type\":\"SearchAction\",\"target\":{\"@type\":\"EntryPoint\",\"urlTemplate\":\"https:\/\/lacteus.com.br\/v5\/?s={search_term_string}\"},\"query-input\":{\"@type\":\"PropertyValueSpecification\",\"valueRequired\":true,\"valueName\":\"search_term_string\"}}],\"inLanguage\":\"pt-BR\"},{\"@type\":\"Organization\",\"@id\":\"https:\/\/lacteus.com.br\/v5\/#organization\",\"name\":\"Lacteus Gest\u00e3o para Latic\u00ednios\",\"url\":\"https:\/\/lacteus.com.br\/v5\/\",\"logo\":{\"@type\":\"ImageObject\",\"inLanguage\":\"pt-BR\",\"@id\":\"https:\/\/lacteus.com.br\/v5\/#\/schema\/logo\/image\/\",\"url\":\"https:\/\/lacteus.com.br\/v5\/wp-content\/uploads\/2021\/07\/logo-H-100.png\",\"contentUrl\":\"https:\/\/lacteus.com.br\/v5\/wp-content\/uploads\/2021\/07\/logo-H-100.png\",\"width\":524,\"height\":100,\"caption\":\"Lacteus Gest\u00e3o para Latic\u00ednios\"},\"image\":{\"@id\":\"https:\/\/lacteus.com.br\/v5\/#\/schema\/logo\/image\/\"},\"sameAs\":[\"https:\/\/www.facebook.com\/lacteusbrasil\",\"https:\/\/x.com\/lacteusbrasil\",\"https:\/\/www.instagram.com\/lacteusbrasil\",\"https:\/\/www.linkedin.com\/company\/lacteusbrasil\",\"https:\/\/www.youtube.com\/lacteusbrasil\"]},{\"@type\":\"Person\",\"@id\":\"https:\/\/lacteus.com.br\/v5\/#\/schema\/person\/ddc73f97a34b201fe113dc1664f47663\",\"name\":\"Daniel Couri\",\"image\":{\"@type\":\"ImageObject\",\"inLanguage\":\"pt-BR\",\"@id\":\"https:\/\/lacteus.com.br\/v5\/#\/schema\/person\/image\/\",\"url\":\"https:\/\/secure.gravatar.com\/avatar\/f3d1b137704d5c421cfbaf597096ebfb?s=96&d=mm&r=g\",\"contentUrl\":\"https:\/\/secure.gravatar.com\/avatar\/f3d1b137704d5c421cfbaf597096ebfb?s=96&d=mm&r=g\",\"caption\":\"Daniel Couri\"},\"url\":\"https:\/\/lacteus.com.br\/v5\/author\/comunicacao\/\"}]}<\/script>\n<!-- \/ Yoast SEO plugin. -->","yoast_head_json":{"title":"Custo de produ\u00e7\u00e3o de leite tem queda de 0,2% em agosto | lacteus : Gest\u00e3o para Latic\u00ednios","robots":{"index":"index","follow":"follow","max-snippet":"max-snippet:-1","max-image-preview":"max-image-preview:large","max-video-preview":"max-video-preview:-1"},"canonical":"https:\/\/lacteus.com.br\/v5\/2023\/09\/custo-de-producao-de-leite-tem-queda-de-02-em-agosto\/","og_locale":"pt_BR","og_type":"article","og_title":"Custo de produ\u00e7\u00e3o de leite tem queda de 0,2% em agosto | lacteus : Gest\u00e3o para Latic\u00ednios","og_description":"Custo de produ\u00e7\u00e3o &#8211;&nbsp;Ap\u00f3s o solu\u00e7o inflacion\u00e1rio registrado em julho, o ICPLeite\/Embrapa voltou a registrar defla\u00e7\u00e3o no custo de produ\u00e7\u00e3o de leite em agosto, apresentando varia\u00e7\u00e3o de -0,2%.&nbsp; Os pre\u00e7os dos materiais de limpeza da ordenha, tiveram expressivo recuo e o grupo Qualidade do leite, apresentou a maior varia\u00e7\u00e3o negativa entre os grupos que comp\u00f5em [&hellip;]","og_url":"https:\/\/lacteus.com.br\/v5\/2023\/09\/custo-de-producao-de-leite-tem-queda-de-02-em-agosto\/","og_site_name":"lacteus : Gest\u00e3o para Latic\u00ednios","article_publisher":"https:\/\/www.facebook.com\/lacteusbrasil","article_published_time":"2023-09-11T16:36:28+00:00","article_modified_time":"2023-09-11T16:36:30+00:00","og_image":[{"url":"https:\/\/lacteus.com.br\/v5\/wp-content\/uploads\/2023\/09\/a1.png","type":"","width":"","height":""}],"author":"Daniel Couri","twitter_card":"summary_large_image","twitter_creator":"@lacteusbrasil","twitter_site":"@lacteusbrasil","twitter_misc":{"Escrito por":"Daniel Couri","Est. tempo de leitura":"3 minutos"},"schema":{"@context":"https:\/\/schema.org","@graph":[{"@type":"Article","@id":"https:\/\/lacteus.com.br\/v5\/2023\/09\/custo-de-producao-de-leite-tem-queda-de-02-em-agosto\/#article","isPartOf":{"@id":"https:\/\/lacteus.com.br\/v5\/2023\/09\/custo-de-producao-de-leite-tem-queda-de-02-em-agosto\/"},"author":{"name":"Daniel Couri","@id":"https:\/\/lacteus.com.br\/v5\/#\/schema\/person\/ddc73f97a34b201fe113dc1664f47663"},"headline":"Custo de produ\u00e7\u00e3o de leite tem queda de 0,2% em agosto","datePublished":"2023-09-11T16:36:28+00:00","dateModified":"2023-09-11T16:36:30+00:00","mainEntityOfPage":{"@id":"https:\/\/lacteus.com.br\/v5\/2023\/09\/custo-de-producao-de-leite-tem-queda-de-02-em-agosto\/"},"wordCount":580,"commentCount":0,"publisher":{"@id":"https:\/\/lacteus.com.br\/v5\/#organization"},"image":{"@id":"https:\/\/lacteus.com.br\/v5\/2023\/09\/custo-de-producao-de-leite-tem-queda-de-02-em-agosto\/#primaryimage"},"thumbnailUrl":"https:\/\/lacteus.com.br\/v5\/wp-content\/uploads\/2023\/09\/a1.png","articleSection":["Not\u00edcias"],"inLanguage":"pt-BR","potentialAction":[{"@type":"CommentAction","name":"Comment","target":["https:\/\/lacteus.com.br\/v5\/2023\/09\/custo-de-producao-de-leite-tem-queda-de-02-em-agosto\/#respond"]}]},{"@type":"WebPage","@id":"https:\/\/lacteus.com.br\/v5\/2023\/09\/custo-de-producao-de-leite-tem-queda-de-02-em-agosto\/","url":"https:\/\/lacteus.com.br\/v5\/2023\/09\/custo-de-producao-de-leite-tem-queda-de-02-em-agosto\/","name":"Custo de produ\u00e7\u00e3o de leite tem queda de 0,2% em agosto | lacteus : Gest\u00e3o para Latic\u00ednios","isPartOf":{"@id":"https:\/\/lacteus.com.br\/v5\/#website"},"primaryImageOfPage":{"@id":"https:\/\/lacteus.com.br\/v5\/2023\/09\/custo-de-producao-de-leite-tem-queda-de-02-em-agosto\/#primaryimage"},"image":{"@id":"https:\/\/lacteus.com.br\/v5\/2023\/09\/custo-de-producao-de-leite-tem-queda-de-02-em-agosto\/#primaryimage"},"thumbnailUrl":"https:\/\/lacteus.com.br\/v5\/wp-content\/uploads\/2023\/09\/a1.png","datePublished":"2023-09-11T16:36:28+00:00","dateModified":"2023-09-11T16:36:30+00:00","breadcrumb":{"@id":"https:\/\/lacteus.com.br\/v5\/2023\/09\/custo-de-producao-de-leite-tem-queda-de-02-em-agosto\/#breadcrumb"},"inLanguage":"pt-BR","potentialAction":[{"@type":"ReadAction","target":["https:\/\/lacteus.com.br\/v5\/2023\/09\/custo-de-producao-de-leite-tem-queda-de-02-em-agosto\/"]}]},{"@type":"ImageObject","inLanguage":"pt-BR","@id":"https:\/\/lacteus.com.br\/v5\/2023\/09\/custo-de-producao-de-leite-tem-queda-de-02-em-agosto\/#primaryimage","url":"https:\/\/lacteus.com.br\/v5\/wp-content\/uploads\/2023\/09\/a1.png","contentUrl":"https:\/\/lacteus.com.br\/v5\/wp-content\/uploads\/2023\/09\/a1.png"},{"@type":"BreadcrumbList","@id":"https:\/\/lacteus.com.br\/v5\/2023\/09\/custo-de-producao-de-leite-tem-queda-de-02-em-agosto\/#breadcrumb","itemListElement":[{"@type":"ListItem","position":1,"name":"In\u00edcio","item":"https:\/\/lacteus.com.br\/v5\/"},{"@type":"ListItem","position":2,"name":"Custo de produ\u00e7\u00e3o de leite tem queda de 0,2% em agosto"}]},{"@type":"WebSite","@id":"https:\/\/lacteus.com.br\/v5\/#website","url":"https:\/\/lacteus.com.br\/v5\/","name":"lacteus : Gest\u00e3o para Latic\u00ednios","description":"","publisher":{"@id":"https:\/\/lacteus.com.br\/v5\/#organization"},"potentialAction":[{"@type":"SearchAction","target":{"@type":"EntryPoint","urlTemplate":"https:\/\/lacteus.com.br\/v5\/?s={search_term_string}"},"query-input":{"@type":"PropertyValueSpecification","valueRequired":true,"valueName":"search_term_string"}}],"inLanguage":"pt-BR"},{"@type":"Organization","@id":"https:\/\/lacteus.com.br\/v5\/#organization","name":"Lacteus Gest\u00e3o para Latic\u00ednios","url":"https:\/\/lacteus.com.br\/v5\/","logo":{"@type":"ImageObject","inLanguage":"pt-BR","@id":"https:\/\/lacteus.com.br\/v5\/#\/schema\/logo\/image\/","url":"https:\/\/lacteus.com.br\/v5\/wp-content\/uploads\/2021\/07\/logo-H-100.png","contentUrl":"https:\/\/lacteus.com.br\/v5\/wp-content\/uploads\/2021\/07\/logo-H-100.png","width":524,"height":100,"caption":"Lacteus Gest\u00e3o para Latic\u00ednios"},"image":{"@id":"https:\/\/lacteus.com.br\/v5\/#\/schema\/logo\/image\/"},"sameAs":["https:\/\/www.facebook.com\/lacteusbrasil","https:\/\/x.com\/lacteusbrasil","https:\/\/www.instagram.com\/lacteusbrasil","https:\/\/www.linkedin.com\/company\/lacteusbrasil","https:\/\/www.youtube.com\/lacteusbrasil"]},{"@type":"Person","@id":"https:\/\/lacteus.com.br\/v5\/#\/schema\/person\/ddc73f97a34b201fe113dc1664f47663","name":"Daniel Couri","image":{"@type":"ImageObject","inLanguage":"pt-BR","@id":"https:\/\/lacteus.com.br\/v5\/#\/schema\/person\/image\/","url":"https:\/\/secure.gravatar.com\/avatar\/f3d1b137704d5c421cfbaf597096ebfb?s=96&d=mm&r=g","contentUrl":"https:\/\/secure.gravatar.com\/avatar\/f3d1b137704d5c421cfbaf597096ebfb?s=96&d=mm&r=g","caption":"Daniel Couri"},"url":"https:\/\/lacteus.com.br\/v5\/author\/comunicacao\/"}]}},"_links":{"self":[{"href":"https:\/\/lacteus.com.br\/v5\/wp-json\/wp\/v2\/posts\/58379","targetHints":{"allow":["GET"]}}],"collection":[{"href":"https:\/\/lacteus.com.br\/v5\/wp-json\/wp\/v2\/posts"}],"about":[{"href":"https:\/\/lacteus.com.br\/v5\/wp-json\/wp\/v2\/types\/post"}],"author":[{"embeddable":true,"href":"https:\/\/lacteus.com.br\/v5\/wp-json\/wp\/v2\/users\/2"}],"replies":[{"embeddable":true,"href":"https:\/\/lacteus.com.br\/v5\/wp-json\/wp\/v2\/comments?post=58379"}],"version-history":[{"count":1,"href":"https:\/\/lacteus.com.br\/v5\/wp-json\/wp\/v2\/posts\/58379\/revisions"}],"predecessor-version":[{"id":58384,"href":"https:\/\/lacteus.com.br\/v5\/wp-json\/wp\/v2\/posts\/58379\/revisions\/58384"}],"wp:attachment":[{"href":"https:\/\/lacteus.com.br\/v5\/wp-json\/wp\/v2\/media?parent=58379"}],"wp:term":[{"taxonomy":"category","embeddable":true,"href":"https:\/\/lacteus.com.br\/v5\/wp-json\/wp\/v2\/categories?post=58379"},{"taxonomy":"post_tag","embeddable":true,"href":"https:\/\/lacteus.com.br\/v5\/wp-json\/wp\/v2\/tags?post=58379"}],"curies":[{"name":"wp","href":"https:\/\/api.w.org\/{rel}","templated":true}]}}