{"id":58377,"date":"2023-09-01T11:45:27","date_gmt":"2023-09-01T14:45:27","guid":{"rendered":"https:\/\/lacteus.com.br\/v5\/?p=58377"},"modified":"2023-09-01T11:45:28","modified_gmt":"2023-09-01T14:45:28","slug":"brasil-e-uruguai-aprimoram-medidas-para-comercio-de-lacteos","status":"publish","type":"post","link":"https:\/\/lacteus.com.br\/v5\/2023\/09\/brasil-e-uruguai-aprimoram-medidas-para-comercio-de-lacteos\/","title":{"rendered":"Brasil e Uruguai aprimoram medidas para com\u00e9rcio de l\u00e1cteos"},"content":{"rendered":"\n<p><\/p>\n\n\n\n<p><strong>Controle de fronteira e dos produtos importados entre os pa\u00edses foi tema da reuni\u00e3o bilateral<\/strong><\/p>\n\n\n\n<div style=\"height:10px\" aria-hidden=\"true\" class=\"wp-block-spacer\"><\/div>\n\n\n\n<p>Uma das principais demandas dos produtores da regi\u00e3o Sul do pa\u00eds, as medidas para fortalecimento da cadeia produtiva do leite no Brasil foram discutidas durante reuni\u00e3o bilateral entre o ministro da Agricultura e Pecu\u00e1ria, Carlos F\u00e1varo, e o ministro da Agricultura, Gr\u00e3os e Pesca do Uruguai, Fernando Mattos.<\/p>\n\n\n\n<p>O encontro foi realizado nesta quinta-feira (31) em Esteio, no Rio Grande do Sul, durante a 46\u00aa Expointer.<\/p>\n\n\n\n<p>Diante das demandas que v\u00eam sendo apresentadas pelo setor leiteiro, um dos pontos de converg\u00eancia entre Brasil e Uruguai \u00e9 o aperfei\u00e7oamento das condi\u00e7\u00f5es de controle de fronteira e dos produtos importados de ambos os lados.<\/p>\n\n\n\n<p>Outro assunto tratado durante a reuni\u00e3o foi a coopera\u00e7\u00e3o entre os pa\u00edses no programa de controle da mosca da bicheira.<\/p>\n\n\n\n<div style=\"height:20px\" aria-hidden=\"true\" class=\"wp-block-spacer\"><\/div>\n\n\n\n<p>Fonte: MAPA, via <a href=\"https:\/\/www.noticiasagricolas.com.br\/noticias\/leite\/358459-brasil-e-uruguai-aprimoram-medidas-para-comercio-de-lacteos.html\" target=\"_blank\" rel=\"noreferrer noopener\">Not\u00edcias Agr\u00edcolas<\/a>.<\/p>\n","protected":false},"excerpt":{"rendered":"<p>Controle de fronteira e dos produtos importados entre os pa\u00edses foi tema da reuni\u00e3o bilateral Uma das principais demandas dos produtores da regi\u00e3o Sul do pa\u00eds, as medidas para fortalecimento da cadeia produtiva do leite no Brasil foram discutidas durante reuni\u00e3o bilateral entre o ministro da Agricultura e Pecu\u00e1ria, Carlos F\u00e1varo, e o ministro da [&hellip;]<\/p>\n","protected":false},"author":2,"featured_media":0,"comment_status":"open","ping_status":"open","sticky":false,"template":"","format":"standard","meta":{"footnotes":""},"categories":[525],"tags":[],"class_list":["post-58377","post","type-post","status-publish","format-standard","hentry","category-noticias"],"yoast_head":"<!-- This site is optimized with the Yoast SEO plugin v24.5 - https:\/\/yoast.com\/wordpress\/plugins\/seo\/ -->\n<title>Brasil e Uruguai aprimoram medidas para com\u00e9rcio de l\u00e1cteos | lacteus : Gest\u00e3o para Latic\u00ednios<\/title>\n<meta name=\"robots\" content=\"index, follow, max-snippet:-1, max-image-preview:large, max-video-preview:-1\" \/>\n<link rel=\"canonical\" href=\"https:\/\/lacteus.com.br\/v5\/2023\/09\/brasil-e-uruguai-aprimoram-medidas-para-comercio-de-lacteos\/\" \/>\n<meta property=\"og:locale\" content=\"pt_BR\" \/>\n<meta property=\"og:type\" content=\"article\" \/>\n<meta property=\"og:title\" content=\"Brasil e Uruguai aprimoram medidas para com\u00e9rcio de l\u00e1cteos | lacteus : Gest\u00e3o para Latic\u00ednios\" \/>\n<meta property=\"og:description\" content=\"Controle de fronteira e dos produtos importados entre os pa\u00edses foi tema da reuni\u00e3o bilateral Uma das principais demandas dos produtores da regi\u00e3o Sul do pa\u00eds, as medidas para fortalecimento da cadeia produtiva do leite no Brasil foram discutidas durante reuni\u00e3o bilateral entre o ministro da Agricultura e Pecu\u00e1ria, Carlos F\u00e1varo, e o ministro da [&hellip;]\" \/>\n<meta property=\"og:url\" content=\"https:\/\/lacteus.com.br\/v5\/2023\/09\/brasil-e-uruguai-aprimoram-medidas-para-comercio-de-lacteos\/\" \/>\n<meta property=\"og:site_name\" content=\"lacteus : Gest\u00e3o para Latic\u00ednios\" \/>\n<meta property=\"article:publisher\" content=\"https:\/\/www.facebook.com\/lacteusbrasil\" \/>\n<meta property=\"article:published_time\" content=\"2023-09-01T14:45:27+00:00\" \/>\n<meta property=\"article:modified_time\" content=\"2023-09-01T14:45:28+00:00\" \/>\n<meta name=\"author\" content=\"Daniel Couri\" \/>\n<meta name=\"twitter:card\" content=\"summary_large_image\" \/>\n<meta name=\"twitter:creator\" content=\"@lacteusbrasil\" \/>\n<meta name=\"twitter:site\" content=\"@lacteusbrasil\" \/>\n<meta name=\"twitter:label1\" content=\"Escrito por\" \/>\n\t<meta name=\"twitter:data1\" content=\"Daniel Couri\" \/>\n\t<meta name=\"twitter:label2\" content=\"Est. tempo de leitura\" \/>\n\t<meta name=\"twitter:data2\" content=\"1 minuto\" \/>\n<script type=\"application\/ld+json\" class=\"yoast-schema-graph\">{\"@context\":\"https:\/\/schema.org\",\"@graph\":[{\"@type\":\"Article\",\"@id\":\"https:\/\/lacteus.com.br\/v5\/2023\/09\/brasil-e-uruguai-aprimoram-medidas-para-comercio-de-lacteos\/#article\",\"isPartOf\":{\"@id\":\"https:\/\/lacteus.com.br\/v5\/2023\/09\/brasil-e-uruguai-aprimoram-medidas-para-comercio-de-lacteos\/\"},\"author\":{\"name\":\"Daniel Couri\",\"@id\":\"https:\/\/lacteus.com.br\/v5\/#\/schema\/person\/ddc73f97a34b201fe113dc1664f47663\"},\"headline\":\"Brasil e Uruguai aprimoram medidas para com\u00e9rcio de l\u00e1cteos\",\"datePublished\":\"2023-09-01T14:45:27+00:00\",\"dateModified\":\"2023-09-01T14:45:28+00:00\",\"mainEntityOfPage\":{\"@id\":\"https:\/\/lacteus.com.br\/v5\/2023\/09\/brasil-e-uruguai-aprimoram-medidas-para-comercio-de-lacteos\/\"},\"wordCount\":167,\"commentCount\":0,\"publisher\":{\"@id\":\"https:\/\/lacteus.com.br\/v5\/#organization\"},\"articleSection\":[\"Not\u00edcias\"],\"inLanguage\":\"pt-BR\",\"potentialAction\":[{\"@type\":\"CommentAction\",\"name\":\"Comment\",\"target\":[\"https:\/\/lacteus.com.br\/v5\/2023\/09\/brasil-e-uruguai-aprimoram-medidas-para-comercio-de-lacteos\/#respond\"]}]},{\"@type\":\"WebPage\",\"@id\":\"https:\/\/lacteus.com.br\/v5\/2023\/09\/brasil-e-uruguai-aprimoram-medidas-para-comercio-de-lacteos\/\",\"url\":\"https:\/\/lacteus.com.br\/v5\/2023\/09\/brasil-e-uruguai-aprimoram-medidas-para-comercio-de-lacteos\/\",\"name\":\"Brasil e Uruguai aprimoram medidas para com\u00e9rcio de l\u00e1cteos | lacteus : Gest\u00e3o para Latic\u00ednios\",\"isPartOf\":{\"@id\":\"https:\/\/lacteus.com.br\/v5\/#website\"},\"datePublished\":\"2023-09-01T14:45:27+00:00\",\"dateModified\":\"2023-09-01T14:45:28+00:00\",\"breadcrumb\":{\"@id\":\"https:\/\/lacteus.com.br\/v5\/2023\/09\/brasil-e-uruguai-aprimoram-medidas-para-comercio-de-lacteos\/#breadcrumb\"},\"inLanguage\":\"pt-BR\",\"potentialAction\":[{\"@type\":\"ReadAction\",\"target\":[\"https:\/\/lacteus.com.br\/v5\/2023\/09\/brasil-e-uruguai-aprimoram-medidas-para-comercio-de-lacteos\/\"]}]},{\"@type\":\"BreadcrumbList\",\"@id\":\"https:\/\/lacteus.com.br\/v5\/2023\/09\/brasil-e-uruguai-aprimoram-medidas-para-comercio-de-lacteos\/#breadcrumb\",\"itemListElement\":[{\"@type\":\"ListItem\",\"position\":1,\"name\":\"In\u00edcio\",\"item\":\"https:\/\/lacteus.com.br\/v5\/\"},{\"@type\":\"ListItem\",\"position\":2,\"name\":\"Brasil e Uruguai aprimoram medidas para com\u00e9rcio de l\u00e1cteos\"}]},{\"@type\":\"WebSite\",\"@id\":\"https:\/\/lacteus.com.br\/v5\/#website\",\"url\":\"https:\/\/lacteus.com.br\/v5\/\",\"name\":\"lacteus : Gest\u00e3o para Latic\u00ednios\",\"description\":\"\",\"publisher\":{\"@id\":\"https:\/\/lacteus.com.br\/v5\/#organization\"},\"potentialAction\":[{\"@type\":\"SearchAction\",\"target\":{\"@type\":\"EntryPoint\",\"urlTemplate\":\"https:\/\/lacteus.com.br\/v5\/?s={search_term_string}\"},\"query-input\":{\"@type\":\"PropertyValueSpecification\",\"valueRequired\":true,\"valueName\":\"search_term_string\"}}],\"inLanguage\":\"pt-BR\"},{\"@type\":\"Organization\",\"@id\":\"https:\/\/lacteus.com.br\/v5\/#organization\",\"name\":\"Lacteus Gest\u00e3o para Latic\u00ednios\",\"url\":\"https:\/\/lacteus.com.br\/v5\/\",\"logo\":{\"@type\":\"ImageObject\",\"inLanguage\":\"pt-BR\",\"@id\":\"https:\/\/lacteus.com.br\/v5\/#\/schema\/logo\/image\/\",\"url\":\"https:\/\/lacteus.com.br\/v5\/wp-content\/uploads\/2021\/07\/logo-H-100.png\",\"contentUrl\":\"https:\/\/lacteus.com.br\/v5\/wp-content\/uploads\/2021\/07\/logo-H-100.png\",\"width\":524,\"height\":100,\"caption\":\"Lacteus Gest\u00e3o para Latic\u00ednios\"},\"image\":{\"@id\":\"https:\/\/lacteus.com.br\/v5\/#\/schema\/logo\/image\/\"},\"sameAs\":[\"https:\/\/www.facebook.com\/lacteusbrasil\",\"https:\/\/x.com\/lacteusbrasil\",\"https:\/\/www.instagram.com\/lacteusbrasil\",\"https:\/\/www.linkedin.com\/company\/lacteusbrasil\",\"https:\/\/www.youtube.com\/lacteusbrasil\"]},{\"@type\":\"Person\",\"@id\":\"https:\/\/lacteus.com.br\/v5\/#\/schema\/person\/ddc73f97a34b201fe113dc1664f47663\",\"name\":\"Daniel Couri\",\"image\":{\"@type\":\"ImageObject\",\"inLanguage\":\"pt-BR\",\"@id\":\"https:\/\/lacteus.com.br\/v5\/#\/schema\/person\/image\/\",\"url\":\"https:\/\/secure.gravatar.com\/avatar\/f3d1b137704d5c421cfbaf597096ebfb?s=96&d=mm&r=g\",\"contentUrl\":\"https:\/\/secure.gravatar.com\/avatar\/f3d1b137704d5c421cfbaf597096ebfb?s=96&d=mm&r=g\",\"caption\":\"Daniel Couri\"},\"url\":\"https:\/\/lacteus.com.br\/v5\/author\/comunicacao\/\"}]}<\/script>\n<!-- \/ Yoast SEO plugin. -->","yoast_head_json":{"title":"Brasil e Uruguai aprimoram medidas para com\u00e9rcio de l\u00e1cteos | lacteus : Gest\u00e3o para Latic\u00ednios","robots":{"index":"index","follow":"follow","max-snippet":"max-snippet:-1","max-image-preview":"max-image-preview:large","max-video-preview":"max-video-preview:-1"},"canonical":"https:\/\/lacteus.com.br\/v5\/2023\/09\/brasil-e-uruguai-aprimoram-medidas-para-comercio-de-lacteos\/","og_locale":"pt_BR","og_type":"article","og_title":"Brasil e Uruguai aprimoram medidas para com\u00e9rcio de l\u00e1cteos | lacteus : Gest\u00e3o para Latic\u00ednios","og_description":"Controle de fronteira e dos produtos importados entre os pa\u00edses foi tema da reuni\u00e3o bilateral Uma das principais demandas dos produtores da regi\u00e3o Sul do pa\u00eds, as medidas para fortalecimento da cadeia produtiva do leite no Brasil foram discutidas durante reuni\u00e3o bilateral entre o ministro da Agricultura e Pecu\u00e1ria, Carlos F\u00e1varo, e o ministro da [&hellip;]","og_url":"https:\/\/lacteus.com.br\/v5\/2023\/09\/brasil-e-uruguai-aprimoram-medidas-para-comercio-de-lacteos\/","og_site_name":"lacteus : Gest\u00e3o para Latic\u00ednios","article_publisher":"https:\/\/www.facebook.com\/lacteusbrasil","article_published_time":"2023-09-01T14:45:27+00:00","article_modified_time":"2023-09-01T14:45:28+00:00","author":"Daniel Couri","twitter_card":"summary_large_image","twitter_creator":"@lacteusbrasil","twitter_site":"@lacteusbrasil","twitter_misc":{"Escrito por":"Daniel Couri","Est. tempo de leitura":"1 minuto"},"schema":{"@context":"https:\/\/schema.org","@graph":[{"@type":"Article","@id":"https:\/\/lacteus.com.br\/v5\/2023\/09\/brasil-e-uruguai-aprimoram-medidas-para-comercio-de-lacteos\/#article","isPartOf":{"@id":"https:\/\/lacteus.com.br\/v5\/2023\/09\/brasil-e-uruguai-aprimoram-medidas-para-comercio-de-lacteos\/"},"author":{"name":"Daniel Couri","@id":"https:\/\/lacteus.com.br\/v5\/#\/schema\/person\/ddc73f97a34b201fe113dc1664f47663"},"headline":"Brasil e Uruguai aprimoram medidas para com\u00e9rcio de l\u00e1cteos","datePublished":"2023-09-01T14:45:27+00:00","dateModified":"2023-09-01T14:45:28+00:00","mainEntityOfPage":{"@id":"https:\/\/lacteus.com.br\/v5\/2023\/09\/brasil-e-uruguai-aprimoram-medidas-para-comercio-de-lacteos\/"},"wordCount":167,"commentCount":0,"publisher":{"@id":"https:\/\/lacteus.com.br\/v5\/#organization"},"articleSection":["Not\u00edcias"],"inLanguage":"pt-BR","potentialAction":[{"@type":"CommentAction","name":"Comment","target":["https:\/\/lacteus.com.br\/v5\/2023\/09\/brasil-e-uruguai-aprimoram-medidas-para-comercio-de-lacteos\/#respond"]}]},{"@type":"WebPage","@id":"https:\/\/lacteus.com.br\/v5\/2023\/09\/brasil-e-uruguai-aprimoram-medidas-para-comercio-de-lacteos\/","url":"https:\/\/lacteus.com.br\/v5\/2023\/09\/brasil-e-uruguai-aprimoram-medidas-para-comercio-de-lacteos\/","name":"Brasil e Uruguai aprimoram medidas para com\u00e9rcio de l\u00e1cteos | lacteus : Gest\u00e3o para Latic\u00ednios","isPartOf":{"@id":"https:\/\/lacteus.com.br\/v5\/#website"},"datePublished":"2023-09-01T14:45:27+00:00","dateModified":"2023-09-01T14:45:28+00:00","breadcrumb":{"@id":"https:\/\/lacteus.com.br\/v5\/2023\/09\/brasil-e-uruguai-aprimoram-medidas-para-comercio-de-lacteos\/#breadcrumb"},"inLanguage":"pt-BR","potentialAction":[{"@type":"ReadAction","target":["https:\/\/lacteus.com.br\/v5\/2023\/09\/brasil-e-uruguai-aprimoram-medidas-para-comercio-de-lacteos\/"]}]},{"@type":"BreadcrumbList","@id":"https:\/\/lacteus.com.br\/v5\/2023\/09\/brasil-e-uruguai-aprimoram-medidas-para-comercio-de-lacteos\/#breadcrumb","itemListElement":[{"@type":"ListItem","position":1,"name":"In\u00edcio","item":"https:\/\/lacteus.com.br\/v5\/"},{"@type":"ListItem","position":2,"name":"Brasil e Uruguai aprimoram medidas para com\u00e9rcio de l\u00e1cteos"}]},{"@type":"WebSite","@id":"https:\/\/lacteus.com.br\/v5\/#website","url":"https:\/\/lacteus.com.br\/v5\/","name":"lacteus : Gest\u00e3o para Latic\u00ednios","description":"","publisher":{"@id":"https:\/\/lacteus.com.br\/v5\/#organization"},"potentialAction":[{"@type":"SearchAction","target":{"@type":"EntryPoint","urlTemplate":"https:\/\/lacteus.com.br\/v5\/?s={search_term_string}"},"query-input":{"@type":"PropertyValueSpecification","valueRequired":true,"valueName":"search_term_string"}}],"inLanguage":"pt-BR"},{"@type":"Organization","@id":"https:\/\/lacteus.com.br\/v5\/#organization","name":"Lacteus Gest\u00e3o para Latic\u00ednios","url":"https:\/\/lacteus.com.br\/v5\/","logo":{"@type":"ImageObject","inLanguage":"pt-BR","@id":"https:\/\/lacteus.com.br\/v5\/#\/schema\/logo\/image\/","url":"https:\/\/lacteus.com.br\/v5\/wp-content\/uploads\/2021\/07\/logo-H-100.png","contentUrl":"https:\/\/lacteus.com.br\/v5\/wp-content\/uploads\/2021\/07\/logo-H-100.png","width":524,"height":100,"caption":"Lacteus Gest\u00e3o para Latic\u00ednios"},"image":{"@id":"https:\/\/lacteus.com.br\/v5\/#\/schema\/logo\/image\/"},"sameAs":["https:\/\/www.facebook.com\/lacteusbrasil","https:\/\/x.com\/lacteusbrasil","https:\/\/www.instagram.com\/lacteusbrasil","https:\/\/www.linkedin.com\/company\/lacteusbrasil","https:\/\/www.youtube.com\/lacteusbrasil"]},{"@type":"Person","@id":"https:\/\/lacteus.com.br\/v5\/#\/schema\/person\/ddc73f97a34b201fe113dc1664f47663","name":"Daniel Couri","image":{"@type":"ImageObject","inLanguage":"pt-BR","@id":"https:\/\/lacteus.com.br\/v5\/#\/schema\/person\/image\/","url":"https:\/\/secure.gravatar.com\/avatar\/f3d1b137704d5c421cfbaf597096ebfb?s=96&d=mm&r=g","contentUrl":"https:\/\/secure.gravatar.com\/avatar\/f3d1b137704d5c421cfbaf597096ebfb?s=96&d=mm&r=g","caption":"Daniel Couri"},"url":"https:\/\/lacteus.com.br\/v5\/author\/comunicacao\/"}]}},"_links":{"self":[{"href":"https:\/\/lacteus.com.br\/v5\/wp-json\/wp\/v2\/posts\/58377","targetHints":{"allow":["GET"]}}],"collection":[{"href":"https:\/\/lacteus.com.br\/v5\/wp-json\/wp\/v2\/posts"}],"about":[{"href":"https:\/\/lacteus.com.br\/v5\/wp-json\/wp\/v2\/types\/post"}],"author":[{"embeddable":true,"href":"https:\/\/lacteus.com.br\/v5\/wp-json\/wp\/v2\/users\/2"}],"replies":[{"embeddable":true,"href":"https:\/\/lacteus.com.br\/v5\/wp-json\/wp\/v2\/comments?post=58377"}],"version-history":[{"count":1,"href":"https:\/\/lacteus.com.br\/v5\/wp-json\/wp\/v2\/posts\/58377\/revisions"}],"predecessor-version":[{"id":58378,"href":"https:\/\/lacteus.com.br\/v5\/wp-json\/wp\/v2\/posts\/58377\/revisions\/58378"}],"wp:attachment":[{"href":"https:\/\/lacteus.com.br\/v5\/wp-json\/wp\/v2\/media?parent=58377"}],"wp:term":[{"taxonomy":"category","embeddable":true,"href":"https:\/\/lacteus.com.br\/v5\/wp-json\/wp\/v2\/categories?post=58377"},{"taxonomy":"post_tag","embeddable":true,"href":"https:\/\/lacteus.com.br\/v5\/wp-json\/wp\/v2\/tags?post=58377"}],"curies":[{"name":"wp","href":"https:\/\/api.w.org\/{rel}","templated":true}]}}