{"id":58357,"date":"2023-08-31T14:10:12","date_gmt":"2023-08-31T17:10:12","guid":{"rendered":"https:\/\/lacteus.com.br\/v5\/?p=58357"},"modified":"2023-08-31T14:10:14","modified_gmt":"2023-08-31T17:10:14","slug":"em-araxa-queijo-argentino-e-o-grande-campeao-do-concurso-internacional-da-expoqueijo-brasil","status":"publish","type":"post","link":"https:\/\/lacteus.com.br\/v5\/2023\/08\/em-araxa-queijo-argentino-e-o-grande-campeao-do-concurso-internacional-da-expoqueijo-brasil\/","title":{"rendered":"Em Arax\u00e1, queijo argentino \u00e9 o grande campe\u00e3o do concurso internacional da Expoqueijo Brasil"},"content":{"rendered":"\n<p><\/p>\n\n\n\n<p>Um queijo toscano de casca tratada, produzido na regi\u00e3o da Patag\u00f4nia, na Argentina, foi o grande campe\u00e3o do Concurso Internacional de Queijos Artesanais da Expoqueijo Brasil 2023, principal premia\u00e7\u00e3o do setor na Am\u00e9rica Latina. Esta foi a primeira vez que um queijo produzido nas Am\u00e9ricas conseguiu o t\u00edtulo de Super Ouro, conquistado pelos italianos nas \u00faltimas duas edi\u00e7\u00f5es.<\/p>\n\n\n\n<p>A competi\u00e7\u00e3o julgou neste ano 1300 queijos de quatro continentes. Ap\u00f3s a an\u00e1lise sensorial de mais de 200 jurados, que foi a base para a premia\u00e7\u00e3o por categorias, os 20 queijos com as maiores notas foram novamente avaliados por um comit\u00ea de especialistas, que contou com algumas das maiores autoridades do assunto no mundo.<\/p>\n\n\n\n<p>Para a mestre queijeira, Iris Parizotto, comiss\u00e1ria do evento, a vit\u00f3ria de um queijo argentino na competi\u00e7\u00e3o \u00e9 um marco para as Am\u00e9ricas. &#8220;A Europa tem queijos incr\u00edveis, mas esta conquista \u00e9 importante para que o mundo conhe\u00e7a as particularidades e a tradi\u00e7\u00e3o dos queijos produzidos nas Am\u00e9ricas. Em tempos em que a homogeneiza\u00e7\u00e3o dos queijos industriais acelera a produ\u00e7\u00e3o, n\u00f3s temos um slow motion da produ\u00e7\u00e3o artesanal, essa paci\u00eancia que o produtor rural americano traz, como forma de resist\u00eancia. Que agora o mundo se encante!&#8221;, diz.<\/p>\n\n\n\n<p>Al\u00e9m do pr\u00eamio principal, a Expoqueijo Brasil \u2013 Arax\u00e1 International Cheese Awards entregou, no \u00faltimo s\u00e1bado s\u00e1bado (26), premia\u00e7\u00f5es &#8220;Ouro&#8221;, &#8220;Prata&#8221; e &#8220;Bronze&#8221; nas mais de 50 categorias estabelecidas no concurso. O queijo amanteigado do produtor Isandrey Iazedo, de Parintins, conquistou um &#8220;Ouro&#8221;. O produtor Sillas Vicente Barbosa J\u00fanior, de Livramento, no Mato Grosso, conquistou dois &#8220;Ouros&#8221; e um &#8220;Bronze&#8221; com os queijos inscritos no concurso.<\/p>\n\n\n\n<p>Al\u00e9m do recorde de inscri\u00e7\u00f5es, com mais de 400 produtores participantes, o Concurso Internacional de Queijos Artesanais da Expoqueijo Brasil deste ano tamb\u00e9m foi um marco na organiza\u00e7\u00e3o. Foi o primeiro concurso internacional de queijo genuinamente brasileiro. O Instituto de Latic\u00ednios C\u00e2ndido Tostes (Epamig ILCT) assumiu a curadoria da competi\u00e7\u00e3o e desenvolveu a metodologia que permitiu ao corpo de jurados dar notas a atributos sensoriais dos queijos inscritos no concurso. Foram avaliados o aspecto global, cor, textura, odor, aroma, consist\u00eancia e sabor.<\/p>\n\n\n\n<div style=\"height:16px\" aria-hidden=\"true\" class=\"wp-block-spacer\"><\/div>\n\n\n\n<p>Fonte: <a href=\"https:\/\/cienciadoleite.com.br\/noticia\/6223\/em-araxa-queijo-argentino-e-o-grande-campeao-do-concurso-internacional-da-expoqueijo-brasil\" target=\"_blank\" rel=\"noreferrer noopener\">Ci\u00eancia do Leite<\/a> (adaptado)<\/p>\n","protected":false},"excerpt":{"rendered":"<p>Um queijo toscano de casca tratada, produzido na regi\u00e3o da Patag\u00f4nia, na Argentina, foi o grande campe\u00e3o do Concurso Internacional de Queijos Artesanais da Expoqueijo Brasil 2023, principal premia\u00e7\u00e3o do setor na Am\u00e9rica Latina. Esta foi a primeira vez que um queijo produzido nas Am\u00e9ricas conseguiu o t\u00edtulo de Super Ouro, conquistado pelos italianos nas [&hellip;]<\/p>\n","protected":false},"author":2,"featured_media":0,"comment_status":"open","ping_status":"open","sticky":false,"template":"","format":"standard","meta":{"footnotes":""},"categories":[525],"tags":[],"class_list":["post-58357","post","type-post","status-publish","format-standard","hentry","category-noticias"],"yoast_head":"<!-- This site is optimized with the Yoast SEO plugin v24.5 - https:\/\/yoast.com\/wordpress\/plugins\/seo\/ -->\n<title>Em Arax\u00e1, queijo argentino \u00e9 o grande campe\u00e3o do concurso internacional da Expoqueijo Brasil | lacteus : Gest\u00e3o para Latic\u00ednios<\/title>\n<meta name=\"robots\" content=\"index, follow, max-snippet:-1, max-image-preview:large, max-video-preview:-1\" \/>\n<link rel=\"canonical\" href=\"https:\/\/lacteus.com.br\/v5\/2023\/08\/em-araxa-queijo-argentino-e-o-grande-campeao-do-concurso-internacional-da-expoqueijo-brasil\/\" \/>\n<meta property=\"og:locale\" content=\"pt_BR\" \/>\n<meta property=\"og:type\" content=\"article\" \/>\n<meta property=\"og:title\" content=\"Em Arax\u00e1, queijo argentino \u00e9 o grande campe\u00e3o do concurso internacional da Expoqueijo Brasil | lacteus : Gest\u00e3o para Latic\u00ednios\" \/>\n<meta property=\"og:description\" content=\"Um queijo toscano de casca tratada, produzido na regi\u00e3o da Patag\u00f4nia, na Argentina, foi o grande campe\u00e3o do Concurso Internacional de Queijos Artesanais da Expoqueijo Brasil 2023, principal premia\u00e7\u00e3o do setor na Am\u00e9rica Latina. Esta foi a primeira vez que um queijo produzido nas Am\u00e9ricas conseguiu o t\u00edtulo de Super Ouro, conquistado pelos italianos nas [&hellip;]\" \/>\n<meta property=\"og:url\" content=\"https:\/\/lacteus.com.br\/v5\/2023\/08\/em-araxa-queijo-argentino-e-o-grande-campeao-do-concurso-internacional-da-expoqueijo-brasil\/\" \/>\n<meta property=\"og:site_name\" content=\"lacteus : Gest\u00e3o para Latic\u00ednios\" \/>\n<meta property=\"article:publisher\" content=\"https:\/\/www.facebook.com\/lacteusbrasil\" \/>\n<meta property=\"article:published_time\" content=\"2023-08-31T17:10:12+00:00\" \/>\n<meta property=\"article:modified_time\" content=\"2023-08-31T17:10:14+00:00\" \/>\n<meta name=\"author\" content=\"Daniel Couri\" \/>\n<meta name=\"twitter:card\" content=\"summary_large_image\" \/>\n<meta name=\"twitter:creator\" content=\"@lacteusbrasil\" \/>\n<meta name=\"twitter:site\" content=\"@lacteusbrasil\" \/>\n<meta name=\"twitter:label1\" content=\"Escrito por\" \/>\n\t<meta name=\"twitter:data1\" content=\"Daniel Couri\" \/>\n\t<meta name=\"twitter:label2\" content=\"Est. tempo de leitura\" \/>\n\t<meta name=\"twitter:data2\" content=\"2 minutos\" \/>\n<script type=\"application\/ld+json\" class=\"yoast-schema-graph\">{\"@context\":\"https:\/\/schema.org\",\"@graph\":[{\"@type\":\"Article\",\"@id\":\"https:\/\/lacteus.com.br\/v5\/2023\/08\/em-araxa-queijo-argentino-e-o-grande-campeao-do-concurso-internacional-da-expoqueijo-brasil\/#article\",\"isPartOf\":{\"@id\":\"https:\/\/lacteus.com.br\/v5\/2023\/08\/em-araxa-queijo-argentino-e-o-grande-campeao-do-concurso-internacional-da-expoqueijo-brasil\/\"},\"author\":{\"name\":\"Daniel Couri\",\"@id\":\"https:\/\/lacteus.com.br\/v5\/#\/schema\/person\/ddc73f97a34b201fe113dc1664f47663\"},\"headline\":\"Em Arax\u00e1, queijo argentino \u00e9 o grande campe\u00e3o do concurso internacional da Expoqueijo Brasil\",\"datePublished\":\"2023-08-31T17:10:12+00:00\",\"dateModified\":\"2023-08-31T17:10:14+00:00\",\"mainEntityOfPage\":{\"@id\":\"https:\/\/lacteus.com.br\/v5\/2023\/08\/em-araxa-queijo-argentino-e-o-grande-campeao-do-concurso-internacional-da-expoqueijo-brasil\/\"},\"wordCount\":397,\"commentCount\":0,\"publisher\":{\"@id\":\"https:\/\/lacteus.com.br\/v5\/#organization\"},\"articleSection\":[\"Not\u00edcias\"],\"inLanguage\":\"pt-BR\",\"potentialAction\":[{\"@type\":\"CommentAction\",\"name\":\"Comment\",\"target\":[\"https:\/\/lacteus.com.br\/v5\/2023\/08\/em-araxa-queijo-argentino-e-o-grande-campeao-do-concurso-internacional-da-expoqueijo-brasil\/#respond\"]}]},{\"@type\":\"WebPage\",\"@id\":\"https:\/\/lacteus.com.br\/v5\/2023\/08\/em-araxa-queijo-argentino-e-o-grande-campeao-do-concurso-internacional-da-expoqueijo-brasil\/\",\"url\":\"https:\/\/lacteus.com.br\/v5\/2023\/08\/em-araxa-queijo-argentino-e-o-grande-campeao-do-concurso-internacional-da-expoqueijo-brasil\/\",\"name\":\"Em Arax\u00e1, queijo argentino \u00e9 o grande campe\u00e3o do concurso internacional da Expoqueijo Brasil | lacteus : Gest\u00e3o para Latic\u00ednios\",\"isPartOf\":{\"@id\":\"https:\/\/lacteus.com.br\/v5\/#website\"},\"datePublished\":\"2023-08-31T17:10:12+00:00\",\"dateModified\":\"2023-08-31T17:10:14+00:00\",\"breadcrumb\":{\"@id\":\"https:\/\/lacteus.com.br\/v5\/2023\/08\/em-araxa-queijo-argentino-e-o-grande-campeao-do-concurso-internacional-da-expoqueijo-brasil\/#breadcrumb\"},\"inLanguage\":\"pt-BR\",\"potentialAction\":[{\"@type\":\"ReadAction\",\"target\":[\"https:\/\/lacteus.com.br\/v5\/2023\/08\/em-araxa-queijo-argentino-e-o-grande-campeao-do-concurso-internacional-da-expoqueijo-brasil\/\"]}]},{\"@type\":\"BreadcrumbList\",\"@id\":\"https:\/\/lacteus.com.br\/v5\/2023\/08\/em-araxa-queijo-argentino-e-o-grande-campeao-do-concurso-internacional-da-expoqueijo-brasil\/#breadcrumb\",\"itemListElement\":[{\"@type\":\"ListItem\",\"position\":1,\"name\":\"In\u00edcio\",\"item\":\"https:\/\/lacteus.com.br\/v5\/\"},{\"@type\":\"ListItem\",\"position\":2,\"name\":\"Em Arax\u00e1, queijo argentino \u00e9 o grande campe\u00e3o do concurso internacional da Expoqueijo Brasil\"}]},{\"@type\":\"WebSite\",\"@id\":\"https:\/\/lacteus.com.br\/v5\/#website\",\"url\":\"https:\/\/lacteus.com.br\/v5\/\",\"name\":\"lacteus : Gest\u00e3o para Latic\u00ednios\",\"description\":\"\",\"publisher\":{\"@id\":\"https:\/\/lacteus.com.br\/v5\/#organization\"},\"potentialAction\":[{\"@type\":\"SearchAction\",\"target\":{\"@type\":\"EntryPoint\",\"urlTemplate\":\"https:\/\/lacteus.com.br\/v5\/?s={search_term_string}\"},\"query-input\":{\"@type\":\"PropertyValueSpecification\",\"valueRequired\":true,\"valueName\":\"search_term_string\"}}],\"inLanguage\":\"pt-BR\"},{\"@type\":\"Organization\",\"@id\":\"https:\/\/lacteus.com.br\/v5\/#organization\",\"name\":\"Lacteus Gest\u00e3o para Latic\u00ednios\",\"url\":\"https:\/\/lacteus.com.br\/v5\/\",\"logo\":{\"@type\":\"ImageObject\",\"inLanguage\":\"pt-BR\",\"@id\":\"https:\/\/lacteus.com.br\/v5\/#\/schema\/logo\/image\/\",\"url\":\"https:\/\/lacteus.com.br\/v5\/wp-content\/uploads\/2021\/07\/logo-H-100.png\",\"contentUrl\":\"https:\/\/lacteus.com.br\/v5\/wp-content\/uploads\/2021\/07\/logo-H-100.png\",\"width\":524,\"height\":100,\"caption\":\"Lacteus Gest\u00e3o para Latic\u00ednios\"},\"image\":{\"@id\":\"https:\/\/lacteus.com.br\/v5\/#\/schema\/logo\/image\/\"},\"sameAs\":[\"https:\/\/www.facebook.com\/lacteusbrasil\",\"https:\/\/x.com\/lacteusbrasil\",\"https:\/\/www.instagram.com\/lacteusbrasil\",\"https:\/\/www.linkedin.com\/company\/lacteusbrasil\",\"https:\/\/www.youtube.com\/lacteusbrasil\"]},{\"@type\":\"Person\",\"@id\":\"https:\/\/lacteus.com.br\/v5\/#\/schema\/person\/ddc73f97a34b201fe113dc1664f47663\",\"name\":\"Daniel Couri\",\"image\":{\"@type\":\"ImageObject\",\"inLanguage\":\"pt-BR\",\"@id\":\"https:\/\/lacteus.com.br\/v5\/#\/schema\/person\/image\/\",\"url\":\"https:\/\/secure.gravatar.com\/avatar\/f3d1b137704d5c421cfbaf597096ebfb?s=96&d=mm&r=g\",\"contentUrl\":\"https:\/\/secure.gravatar.com\/avatar\/f3d1b137704d5c421cfbaf597096ebfb?s=96&d=mm&r=g\",\"caption\":\"Daniel Couri\"},\"url\":\"https:\/\/lacteus.com.br\/v5\/author\/comunicacao\/\"}]}<\/script>\n<!-- \/ Yoast SEO plugin. -->","yoast_head_json":{"title":"Em Arax\u00e1, queijo argentino \u00e9 o grande campe\u00e3o do concurso internacional da Expoqueijo Brasil | lacteus : Gest\u00e3o para Latic\u00ednios","robots":{"index":"index","follow":"follow","max-snippet":"max-snippet:-1","max-image-preview":"max-image-preview:large","max-video-preview":"max-video-preview:-1"},"canonical":"https:\/\/lacteus.com.br\/v5\/2023\/08\/em-araxa-queijo-argentino-e-o-grande-campeao-do-concurso-internacional-da-expoqueijo-brasil\/","og_locale":"pt_BR","og_type":"article","og_title":"Em Arax\u00e1, queijo argentino \u00e9 o grande campe\u00e3o do concurso internacional da Expoqueijo Brasil | lacteus : Gest\u00e3o para Latic\u00ednios","og_description":"Um queijo toscano de casca tratada, produzido na regi\u00e3o da Patag\u00f4nia, na Argentina, foi o grande campe\u00e3o do Concurso Internacional de Queijos Artesanais da Expoqueijo Brasil 2023, principal premia\u00e7\u00e3o do setor na Am\u00e9rica Latina. Esta foi a primeira vez que um queijo produzido nas Am\u00e9ricas conseguiu o t\u00edtulo de Super Ouro, conquistado pelos italianos nas [&hellip;]","og_url":"https:\/\/lacteus.com.br\/v5\/2023\/08\/em-araxa-queijo-argentino-e-o-grande-campeao-do-concurso-internacional-da-expoqueijo-brasil\/","og_site_name":"lacteus : Gest\u00e3o para Latic\u00ednios","article_publisher":"https:\/\/www.facebook.com\/lacteusbrasil","article_published_time":"2023-08-31T17:10:12+00:00","article_modified_time":"2023-08-31T17:10:14+00:00","author":"Daniel Couri","twitter_card":"summary_large_image","twitter_creator":"@lacteusbrasil","twitter_site":"@lacteusbrasil","twitter_misc":{"Escrito por":"Daniel Couri","Est. tempo de leitura":"2 minutos"},"schema":{"@context":"https:\/\/schema.org","@graph":[{"@type":"Article","@id":"https:\/\/lacteus.com.br\/v5\/2023\/08\/em-araxa-queijo-argentino-e-o-grande-campeao-do-concurso-internacional-da-expoqueijo-brasil\/#article","isPartOf":{"@id":"https:\/\/lacteus.com.br\/v5\/2023\/08\/em-araxa-queijo-argentino-e-o-grande-campeao-do-concurso-internacional-da-expoqueijo-brasil\/"},"author":{"name":"Daniel Couri","@id":"https:\/\/lacteus.com.br\/v5\/#\/schema\/person\/ddc73f97a34b201fe113dc1664f47663"},"headline":"Em Arax\u00e1, queijo argentino \u00e9 o grande campe\u00e3o do concurso internacional da Expoqueijo Brasil","datePublished":"2023-08-31T17:10:12+00:00","dateModified":"2023-08-31T17:10:14+00:00","mainEntityOfPage":{"@id":"https:\/\/lacteus.com.br\/v5\/2023\/08\/em-araxa-queijo-argentino-e-o-grande-campeao-do-concurso-internacional-da-expoqueijo-brasil\/"},"wordCount":397,"commentCount":0,"publisher":{"@id":"https:\/\/lacteus.com.br\/v5\/#organization"},"articleSection":["Not\u00edcias"],"inLanguage":"pt-BR","potentialAction":[{"@type":"CommentAction","name":"Comment","target":["https:\/\/lacteus.com.br\/v5\/2023\/08\/em-araxa-queijo-argentino-e-o-grande-campeao-do-concurso-internacional-da-expoqueijo-brasil\/#respond"]}]},{"@type":"WebPage","@id":"https:\/\/lacteus.com.br\/v5\/2023\/08\/em-araxa-queijo-argentino-e-o-grande-campeao-do-concurso-internacional-da-expoqueijo-brasil\/","url":"https:\/\/lacteus.com.br\/v5\/2023\/08\/em-araxa-queijo-argentino-e-o-grande-campeao-do-concurso-internacional-da-expoqueijo-brasil\/","name":"Em Arax\u00e1, queijo argentino \u00e9 o grande campe\u00e3o do concurso internacional da Expoqueijo Brasil | lacteus : Gest\u00e3o para Latic\u00ednios","isPartOf":{"@id":"https:\/\/lacteus.com.br\/v5\/#website"},"datePublished":"2023-08-31T17:10:12+00:00","dateModified":"2023-08-31T17:10:14+00:00","breadcrumb":{"@id":"https:\/\/lacteus.com.br\/v5\/2023\/08\/em-araxa-queijo-argentino-e-o-grande-campeao-do-concurso-internacional-da-expoqueijo-brasil\/#breadcrumb"},"inLanguage":"pt-BR","potentialAction":[{"@type":"ReadAction","target":["https:\/\/lacteus.com.br\/v5\/2023\/08\/em-araxa-queijo-argentino-e-o-grande-campeao-do-concurso-internacional-da-expoqueijo-brasil\/"]}]},{"@type":"BreadcrumbList","@id":"https:\/\/lacteus.com.br\/v5\/2023\/08\/em-araxa-queijo-argentino-e-o-grande-campeao-do-concurso-internacional-da-expoqueijo-brasil\/#breadcrumb","itemListElement":[{"@type":"ListItem","position":1,"name":"In\u00edcio","item":"https:\/\/lacteus.com.br\/v5\/"},{"@type":"ListItem","position":2,"name":"Em Arax\u00e1, queijo argentino \u00e9 o grande campe\u00e3o do concurso internacional da Expoqueijo Brasil"}]},{"@type":"WebSite","@id":"https:\/\/lacteus.com.br\/v5\/#website","url":"https:\/\/lacteus.com.br\/v5\/","name":"lacteus : Gest\u00e3o para Latic\u00ednios","description":"","publisher":{"@id":"https:\/\/lacteus.com.br\/v5\/#organization"},"potentialAction":[{"@type":"SearchAction","target":{"@type":"EntryPoint","urlTemplate":"https:\/\/lacteus.com.br\/v5\/?s={search_term_string}"},"query-input":{"@type":"PropertyValueSpecification","valueRequired":true,"valueName":"search_term_string"}}],"inLanguage":"pt-BR"},{"@type":"Organization","@id":"https:\/\/lacteus.com.br\/v5\/#organization","name":"Lacteus Gest\u00e3o para Latic\u00ednios","url":"https:\/\/lacteus.com.br\/v5\/","logo":{"@type":"ImageObject","inLanguage":"pt-BR","@id":"https:\/\/lacteus.com.br\/v5\/#\/schema\/logo\/image\/","url":"https:\/\/lacteus.com.br\/v5\/wp-content\/uploads\/2021\/07\/logo-H-100.png","contentUrl":"https:\/\/lacteus.com.br\/v5\/wp-content\/uploads\/2021\/07\/logo-H-100.png","width":524,"height":100,"caption":"Lacteus Gest\u00e3o para Latic\u00ednios"},"image":{"@id":"https:\/\/lacteus.com.br\/v5\/#\/schema\/logo\/image\/"},"sameAs":["https:\/\/www.facebook.com\/lacteusbrasil","https:\/\/x.com\/lacteusbrasil","https:\/\/www.instagram.com\/lacteusbrasil","https:\/\/www.linkedin.com\/company\/lacteusbrasil","https:\/\/www.youtube.com\/lacteusbrasil"]},{"@type":"Person","@id":"https:\/\/lacteus.com.br\/v5\/#\/schema\/person\/ddc73f97a34b201fe113dc1664f47663","name":"Daniel Couri","image":{"@type":"ImageObject","inLanguage":"pt-BR","@id":"https:\/\/lacteus.com.br\/v5\/#\/schema\/person\/image\/","url":"https:\/\/secure.gravatar.com\/avatar\/f3d1b137704d5c421cfbaf597096ebfb?s=96&d=mm&r=g","contentUrl":"https:\/\/secure.gravatar.com\/avatar\/f3d1b137704d5c421cfbaf597096ebfb?s=96&d=mm&r=g","caption":"Daniel Couri"},"url":"https:\/\/lacteus.com.br\/v5\/author\/comunicacao\/"}]}},"_links":{"self":[{"href":"https:\/\/lacteus.com.br\/v5\/wp-json\/wp\/v2\/posts\/58357","targetHints":{"allow":["GET"]}}],"collection":[{"href":"https:\/\/lacteus.com.br\/v5\/wp-json\/wp\/v2\/posts"}],"about":[{"href":"https:\/\/lacteus.com.br\/v5\/wp-json\/wp\/v2\/types\/post"}],"author":[{"embeddable":true,"href":"https:\/\/lacteus.com.br\/v5\/wp-json\/wp\/v2\/users\/2"}],"replies":[{"embeddable":true,"href":"https:\/\/lacteus.com.br\/v5\/wp-json\/wp\/v2\/comments?post=58357"}],"version-history":[{"count":1,"href":"https:\/\/lacteus.com.br\/v5\/wp-json\/wp\/v2\/posts\/58357\/revisions"}],"predecessor-version":[{"id":58358,"href":"https:\/\/lacteus.com.br\/v5\/wp-json\/wp\/v2\/posts\/58357\/revisions\/58358"}],"wp:attachment":[{"href":"https:\/\/lacteus.com.br\/v5\/wp-json\/wp\/v2\/media?parent=58357"}],"wp:term":[{"taxonomy":"category","embeddable":true,"href":"https:\/\/lacteus.com.br\/v5\/wp-json\/wp\/v2\/categories?post=58357"},{"taxonomy":"post_tag","embeddable":true,"href":"https:\/\/lacteus.com.br\/v5\/wp-json\/wp\/v2\/tags?post=58357"}],"curies":[{"name":"wp","href":"https:\/\/api.w.org\/{rel}","templated":true}]}}