{"id":58353,"date":"2023-08-31T13:55:12","date_gmt":"2023-08-31T16:55:12","guid":{"rendered":"https:\/\/lacteus.com.br\/v5\/?p=58353"},"modified":"2023-08-31T13:55:30","modified_gmt":"2023-08-31T16:55:30","slug":"conseleite-pr-divulga-valor-de-referencia-do-leite-entregue-em-agosto","status":"publish","type":"post","link":"https:\/\/lacteus.com.br\/v5\/2023\/08\/conseleite-pr-divulga-valor-de-referencia-do-leite-entregue-em-agosto\/","title":{"rendered":"Conseleite\/PR divulga valor de refer\u00eancia do leite entregue em agosto"},"content":{"rendered":"\n<p><\/p>\n\n\n\n<p>A diretoria do Conseleite-Paran\u00e1 reunida no dia 29 de Agosto de 2023 na sede da FAEP na cidade de Curitiba, atendendo os dispositivos disciplinados no Cap\u00edtulo II do T\u00edtulo II do seu Regulamento, aprova e divulga os valores de refer\u00eancia para a mat\u00e9ria-prima leite realizados em Julho de 2023 e a\u00a0<strong>proje\u00e7\u00e3o dos valores de refer\u00eancia para agosto de 2023,<\/strong>\u00a0calculados por metodologia definida pelo Conseleite-Paran\u00e1, a partir dos pre\u00e7os m\u00e9dios e do mix de comercializa\u00e7\u00e3o dos derivados l\u00e1cteos praticados pelas empresas participantes.<\/p>\n\n\n\n<figure class=\"wp-block-image aligncenter size-full is-resized\"><img fetchpriority=\"high\" decoding=\"async\" src=\"https:\/\/lacteus.com.br\/v5\/wp-content\/uploads\/2023\/08\/baixados-1.jpg\" alt=\"\" class=\"wp-image-58354\" width=\"974\" height=\"493\"\/><\/figure>\n\n\n\n<p>Os valores de refer\u00eancia indicados nesta resolu\u00e7\u00e3o para a mat\u00e9ria-prima leite denominada \u201cLeite Padr\u00e3o\u201d, se refere ao leite analisado que cont\u00e9m 3,50% de gordura, 3,10% de prote\u00edna, 500 mil c\u00e9lulas som\u00e1ticas\/ml e 300 mil ufc\/ml de contagem bacteriana.<\/p>\n\n\n\n<p>Para o leite pasteurizado o valor projetado para o m\u00eas de Agosto de 2023 \u00e9 de R$ 4,4863\/litro.<\/p>\n\n\n\n<p>Visando apoiar pol\u00edticas de pagamento da mat\u00e9ria-prima leite conforme a qualidade, o Conseleite-Paran\u00e1 disponibiliza um simulador para o c\u00e1lculo de valores de refer\u00eancia para o leite analisado em fun\u00e7\u00e3o de seus teores de gordura, prote\u00edna, contagem de c\u00e9lulas som\u00e1ticas e contagem bacteriana. O simulador est\u00e1 dispon\u00edvel na p\u00e1gina <a href=\"https:\/\/www.sistemafaep.org.br\/conseleite-parana\/\" target=\"_blank\" rel=\"noreferrer noopener\">Conseleite PR<\/a>.<\/p>\n\n\n\n<div style=\"height:15px\" aria-hidden=\"true\" class=\"wp-block-spacer\"><\/div>\n\n\n\n<p>As informa\u00e7\u00f5es s\u00e3o do\u00a0<a href=\"https:\/\/www.sistemafaep.org.br\/wp-content\/uploads\/2023\/08\/Resolucao-Conseleite-Parana-8-23.pdf\" target=\"_blank\" rel=\"noreferrer noopener\">Sistema Faep<\/a>.<\/p>\n","protected":false},"excerpt":{"rendered":"<p>A diretoria do Conseleite-Paran\u00e1 reunida no dia 29 de Agosto de 2023 na sede da FAEP na cidade de Curitiba, atendendo os dispositivos disciplinados no Cap\u00edtulo II do T\u00edtulo II do seu Regulamento, aprova e divulga os valores de refer\u00eancia para a mat\u00e9ria-prima leite realizados em Julho de 2023 e a\u00a0proje\u00e7\u00e3o dos valores de refer\u00eancia [&hellip;]<\/p>\n","protected":false},"author":2,"featured_media":0,"comment_status":"open","ping_status":"open","sticky":false,"template":"","format":"standard","meta":{"footnotes":""},"categories":[525],"tags":[],"class_list":["post-58353","post","type-post","status-publish","format-standard","hentry","category-noticias"],"yoast_head":"<!-- This site is optimized with the Yoast SEO plugin v24.5 - https:\/\/yoast.com\/wordpress\/plugins\/seo\/ -->\n<title>Conseleite\/PR divulga valor de refer\u00eancia do leite entregue em agosto | lacteus : Gest\u00e3o para Latic\u00ednios<\/title>\n<meta name=\"robots\" content=\"index, follow, max-snippet:-1, max-image-preview:large, max-video-preview:-1\" \/>\n<link rel=\"canonical\" href=\"https:\/\/lacteus.com.br\/v5\/2023\/08\/conseleite-pr-divulga-valor-de-referencia-do-leite-entregue-em-agosto\/\" \/>\n<meta property=\"og:locale\" content=\"pt_BR\" \/>\n<meta property=\"og:type\" content=\"article\" \/>\n<meta property=\"og:title\" content=\"Conseleite\/PR divulga valor de refer\u00eancia do leite entregue em agosto | lacteus : Gest\u00e3o para Latic\u00ednios\" \/>\n<meta property=\"og:description\" content=\"A diretoria do Conseleite-Paran\u00e1 reunida no dia 29 de Agosto de 2023 na sede da FAEP na cidade de Curitiba, atendendo os dispositivos disciplinados no Cap\u00edtulo II do T\u00edtulo II do seu Regulamento, aprova e divulga os valores de refer\u00eancia para a mat\u00e9ria-prima leite realizados em Julho de 2023 e a\u00a0proje\u00e7\u00e3o dos valores de refer\u00eancia [&hellip;]\" \/>\n<meta property=\"og:url\" content=\"https:\/\/lacteus.com.br\/v5\/2023\/08\/conseleite-pr-divulga-valor-de-referencia-do-leite-entregue-em-agosto\/\" \/>\n<meta property=\"og:site_name\" content=\"lacteus : Gest\u00e3o para Latic\u00ednios\" \/>\n<meta property=\"article:publisher\" content=\"https:\/\/www.facebook.com\/lacteusbrasil\" \/>\n<meta property=\"article:published_time\" content=\"2023-08-31T16:55:12+00:00\" \/>\n<meta property=\"article:modified_time\" content=\"2023-08-31T16:55:30+00:00\" \/>\n<meta property=\"og:image\" content=\"https:\/\/lacteus.com.br\/v5\/wp-content\/uploads\/2023\/08\/baixados-1.jpg\" \/>\n<meta name=\"author\" content=\"Daniel Couri\" \/>\n<meta name=\"twitter:card\" content=\"summary_large_image\" \/>\n<meta name=\"twitter:creator\" content=\"@lacteusbrasil\" \/>\n<meta name=\"twitter:site\" content=\"@lacteusbrasil\" \/>\n<meta name=\"twitter:label1\" content=\"Escrito por\" \/>\n\t<meta name=\"twitter:data1\" content=\"Daniel Couri\" \/>\n\t<meta name=\"twitter:label2\" content=\"Est. tempo de leitura\" \/>\n\t<meta name=\"twitter:data2\" content=\"1 minuto\" \/>\n<script type=\"application\/ld+json\" class=\"yoast-schema-graph\">{\"@context\":\"https:\/\/schema.org\",\"@graph\":[{\"@type\":\"Article\",\"@id\":\"https:\/\/lacteus.com.br\/v5\/2023\/08\/conseleite-pr-divulga-valor-de-referencia-do-leite-entregue-em-agosto\/#article\",\"isPartOf\":{\"@id\":\"https:\/\/lacteus.com.br\/v5\/2023\/08\/conseleite-pr-divulga-valor-de-referencia-do-leite-entregue-em-agosto\/\"},\"author\":{\"name\":\"Daniel Couri\",\"@id\":\"https:\/\/lacteus.com.br\/v5\/#\/schema\/person\/ddc73f97a34b201fe113dc1664f47663\"},\"headline\":\"Conseleite\/PR divulga valor de refer\u00eancia do leite entregue em agosto\",\"datePublished\":\"2023-08-31T16:55:12+00:00\",\"dateModified\":\"2023-08-31T16:55:30+00:00\",\"mainEntityOfPage\":{\"@id\":\"https:\/\/lacteus.com.br\/v5\/2023\/08\/conseleite-pr-divulga-valor-de-referencia-do-leite-entregue-em-agosto\/\"},\"wordCount\":230,\"commentCount\":0,\"publisher\":{\"@id\":\"https:\/\/lacteus.com.br\/v5\/#organization\"},\"image\":{\"@id\":\"https:\/\/lacteus.com.br\/v5\/2023\/08\/conseleite-pr-divulga-valor-de-referencia-do-leite-entregue-em-agosto\/#primaryimage\"},\"thumbnailUrl\":\"https:\/\/lacteus.com.br\/v5\/wp-content\/uploads\/2023\/08\/baixados-1.jpg\",\"articleSection\":[\"Not\u00edcias\"],\"inLanguage\":\"pt-BR\",\"potentialAction\":[{\"@type\":\"CommentAction\",\"name\":\"Comment\",\"target\":[\"https:\/\/lacteus.com.br\/v5\/2023\/08\/conseleite-pr-divulga-valor-de-referencia-do-leite-entregue-em-agosto\/#respond\"]}]},{\"@type\":\"WebPage\",\"@id\":\"https:\/\/lacteus.com.br\/v5\/2023\/08\/conseleite-pr-divulga-valor-de-referencia-do-leite-entregue-em-agosto\/\",\"url\":\"https:\/\/lacteus.com.br\/v5\/2023\/08\/conseleite-pr-divulga-valor-de-referencia-do-leite-entregue-em-agosto\/\",\"name\":\"Conseleite\/PR divulga valor de refer\u00eancia do leite entregue em agosto | lacteus : Gest\u00e3o para Latic\u00ednios\",\"isPartOf\":{\"@id\":\"https:\/\/lacteus.com.br\/v5\/#website\"},\"primaryImageOfPage\":{\"@id\":\"https:\/\/lacteus.com.br\/v5\/2023\/08\/conseleite-pr-divulga-valor-de-referencia-do-leite-entregue-em-agosto\/#primaryimage\"},\"image\":{\"@id\":\"https:\/\/lacteus.com.br\/v5\/2023\/08\/conseleite-pr-divulga-valor-de-referencia-do-leite-entregue-em-agosto\/#primaryimage\"},\"thumbnailUrl\":\"https:\/\/lacteus.com.br\/v5\/wp-content\/uploads\/2023\/08\/baixados-1.jpg\",\"datePublished\":\"2023-08-31T16:55:12+00:00\",\"dateModified\":\"2023-08-31T16:55:30+00:00\",\"breadcrumb\":{\"@id\":\"https:\/\/lacteus.com.br\/v5\/2023\/08\/conseleite-pr-divulga-valor-de-referencia-do-leite-entregue-em-agosto\/#breadcrumb\"},\"inLanguage\":\"pt-BR\",\"potentialAction\":[{\"@type\":\"ReadAction\",\"target\":[\"https:\/\/lacteus.com.br\/v5\/2023\/08\/conseleite-pr-divulga-valor-de-referencia-do-leite-entregue-em-agosto\/\"]}]},{\"@type\":\"ImageObject\",\"inLanguage\":\"pt-BR\",\"@id\":\"https:\/\/lacteus.com.br\/v5\/2023\/08\/conseleite-pr-divulga-valor-de-referencia-do-leite-entregue-em-agosto\/#primaryimage\",\"url\":\"\",\"contentUrl\":\"\"},{\"@type\":\"BreadcrumbList\",\"@id\":\"https:\/\/lacteus.com.br\/v5\/2023\/08\/conseleite-pr-divulga-valor-de-referencia-do-leite-entregue-em-agosto\/#breadcrumb\",\"itemListElement\":[{\"@type\":\"ListItem\",\"position\":1,\"name\":\"In\u00edcio\",\"item\":\"https:\/\/lacteus.com.br\/v5\/\"},{\"@type\":\"ListItem\",\"position\":2,\"name\":\"Conseleite\/PR divulga valor de refer\u00eancia do leite entregue em agosto\"}]},{\"@type\":\"WebSite\",\"@id\":\"https:\/\/lacteus.com.br\/v5\/#website\",\"url\":\"https:\/\/lacteus.com.br\/v5\/\",\"name\":\"lacteus : Gest\u00e3o para Latic\u00ednios\",\"description\":\"\",\"publisher\":{\"@id\":\"https:\/\/lacteus.com.br\/v5\/#organization\"},\"potentialAction\":[{\"@type\":\"SearchAction\",\"target\":{\"@type\":\"EntryPoint\",\"urlTemplate\":\"https:\/\/lacteus.com.br\/v5\/?s={search_term_string}\"},\"query-input\":{\"@type\":\"PropertyValueSpecification\",\"valueRequired\":true,\"valueName\":\"search_term_string\"}}],\"inLanguage\":\"pt-BR\"},{\"@type\":\"Organization\",\"@id\":\"https:\/\/lacteus.com.br\/v5\/#organization\",\"name\":\"Lacteus Gest\u00e3o para Latic\u00ednios\",\"url\":\"https:\/\/lacteus.com.br\/v5\/\",\"logo\":{\"@type\":\"ImageObject\",\"inLanguage\":\"pt-BR\",\"@id\":\"https:\/\/lacteus.com.br\/v5\/#\/schema\/logo\/image\/\",\"url\":\"https:\/\/lacteus.com.br\/v5\/wp-content\/uploads\/2021\/07\/logo-H-100.png\",\"contentUrl\":\"https:\/\/lacteus.com.br\/v5\/wp-content\/uploads\/2021\/07\/logo-H-100.png\",\"width\":524,\"height\":100,\"caption\":\"Lacteus Gest\u00e3o para Latic\u00ednios\"},\"image\":{\"@id\":\"https:\/\/lacteus.com.br\/v5\/#\/schema\/logo\/image\/\"},\"sameAs\":[\"https:\/\/www.facebook.com\/lacteusbrasil\",\"https:\/\/x.com\/lacteusbrasil\",\"https:\/\/www.instagram.com\/lacteusbrasil\",\"https:\/\/www.linkedin.com\/company\/lacteusbrasil\",\"https:\/\/www.youtube.com\/lacteusbrasil\"]},{\"@type\":\"Person\",\"@id\":\"https:\/\/lacteus.com.br\/v5\/#\/schema\/person\/ddc73f97a34b201fe113dc1664f47663\",\"name\":\"Daniel Couri\",\"image\":{\"@type\":\"ImageObject\",\"inLanguage\":\"pt-BR\",\"@id\":\"https:\/\/lacteus.com.br\/v5\/#\/schema\/person\/image\/\",\"url\":\"https:\/\/secure.gravatar.com\/avatar\/f3d1b137704d5c421cfbaf597096ebfb?s=96&d=mm&r=g\",\"contentUrl\":\"https:\/\/secure.gravatar.com\/avatar\/f3d1b137704d5c421cfbaf597096ebfb?s=96&d=mm&r=g\",\"caption\":\"Daniel Couri\"},\"url\":\"https:\/\/lacteus.com.br\/v5\/author\/comunicacao\/\"}]}<\/script>\n<!-- \/ Yoast SEO plugin. -->","yoast_head_json":{"title":"Conseleite\/PR divulga valor de refer\u00eancia do leite entregue em agosto | lacteus : Gest\u00e3o para Latic\u00ednios","robots":{"index":"index","follow":"follow","max-snippet":"max-snippet:-1","max-image-preview":"max-image-preview:large","max-video-preview":"max-video-preview:-1"},"canonical":"https:\/\/lacteus.com.br\/v5\/2023\/08\/conseleite-pr-divulga-valor-de-referencia-do-leite-entregue-em-agosto\/","og_locale":"pt_BR","og_type":"article","og_title":"Conseleite\/PR divulga valor de refer\u00eancia do leite entregue em agosto | lacteus : Gest\u00e3o para Latic\u00ednios","og_description":"A diretoria do Conseleite-Paran\u00e1 reunida no dia 29 de Agosto de 2023 na sede da FAEP na cidade de Curitiba, atendendo os dispositivos disciplinados no Cap\u00edtulo II do T\u00edtulo II do seu Regulamento, aprova e divulga os valores de refer\u00eancia para a mat\u00e9ria-prima leite realizados em Julho de 2023 e a\u00a0proje\u00e7\u00e3o dos valores de refer\u00eancia [&hellip;]","og_url":"https:\/\/lacteus.com.br\/v5\/2023\/08\/conseleite-pr-divulga-valor-de-referencia-do-leite-entregue-em-agosto\/","og_site_name":"lacteus : Gest\u00e3o para Latic\u00ednios","article_publisher":"https:\/\/www.facebook.com\/lacteusbrasil","article_published_time":"2023-08-31T16:55:12+00:00","article_modified_time":"2023-08-31T16:55:30+00:00","og_image":[{"url":"https:\/\/lacteus.com.br\/v5\/wp-content\/uploads\/2023\/08\/baixados-1.jpg","type":"","width":"","height":""}],"author":"Daniel Couri","twitter_card":"summary_large_image","twitter_creator":"@lacteusbrasil","twitter_site":"@lacteusbrasil","twitter_misc":{"Escrito por":"Daniel Couri","Est. tempo de leitura":"1 minuto"},"schema":{"@context":"https:\/\/schema.org","@graph":[{"@type":"Article","@id":"https:\/\/lacteus.com.br\/v5\/2023\/08\/conseleite-pr-divulga-valor-de-referencia-do-leite-entregue-em-agosto\/#article","isPartOf":{"@id":"https:\/\/lacteus.com.br\/v5\/2023\/08\/conseleite-pr-divulga-valor-de-referencia-do-leite-entregue-em-agosto\/"},"author":{"name":"Daniel Couri","@id":"https:\/\/lacteus.com.br\/v5\/#\/schema\/person\/ddc73f97a34b201fe113dc1664f47663"},"headline":"Conseleite\/PR divulga valor de refer\u00eancia do leite entregue em agosto","datePublished":"2023-08-31T16:55:12+00:00","dateModified":"2023-08-31T16:55:30+00:00","mainEntityOfPage":{"@id":"https:\/\/lacteus.com.br\/v5\/2023\/08\/conseleite-pr-divulga-valor-de-referencia-do-leite-entregue-em-agosto\/"},"wordCount":230,"commentCount":0,"publisher":{"@id":"https:\/\/lacteus.com.br\/v5\/#organization"},"image":{"@id":"https:\/\/lacteus.com.br\/v5\/2023\/08\/conseleite-pr-divulga-valor-de-referencia-do-leite-entregue-em-agosto\/#primaryimage"},"thumbnailUrl":"https:\/\/lacteus.com.br\/v5\/wp-content\/uploads\/2023\/08\/baixados-1.jpg","articleSection":["Not\u00edcias"],"inLanguage":"pt-BR","potentialAction":[{"@type":"CommentAction","name":"Comment","target":["https:\/\/lacteus.com.br\/v5\/2023\/08\/conseleite-pr-divulga-valor-de-referencia-do-leite-entregue-em-agosto\/#respond"]}]},{"@type":"WebPage","@id":"https:\/\/lacteus.com.br\/v5\/2023\/08\/conseleite-pr-divulga-valor-de-referencia-do-leite-entregue-em-agosto\/","url":"https:\/\/lacteus.com.br\/v5\/2023\/08\/conseleite-pr-divulga-valor-de-referencia-do-leite-entregue-em-agosto\/","name":"Conseleite\/PR divulga valor de refer\u00eancia do leite entregue em agosto | lacteus : Gest\u00e3o para Latic\u00ednios","isPartOf":{"@id":"https:\/\/lacteus.com.br\/v5\/#website"},"primaryImageOfPage":{"@id":"https:\/\/lacteus.com.br\/v5\/2023\/08\/conseleite-pr-divulga-valor-de-referencia-do-leite-entregue-em-agosto\/#primaryimage"},"image":{"@id":"https:\/\/lacteus.com.br\/v5\/2023\/08\/conseleite-pr-divulga-valor-de-referencia-do-leite-entregue-em-agosto\/#primaryimage"},"thumbnailUrl":"https:\/\/lacteus.com.br\/v5\/wp-content\/uploads\/2023\/08\/baixados-1.jpg","datePublished":"2023-08-31T16:55:12+00:00","dateModified":"2023-08-31T16:55:30+00:00","breadcrumb":{"@id":"https:\/\/lacteus.com.br\/v5\/2023\/08\/conseleite-pr-divulga-valor-de-referencia-do-leite-entregue-em-agosto\/#breadcrumb"},"inLanguage":"pt-BR","potentialAction":[{"@type":"ReadAction","target":["https:\/\/lacteus.com.br\/v5\/2023\/08\/conseleite-pr-divulga-valor-de-referencia-do-leite-entregue-em-agosto\/"]}]},{"@type":"ImageObject","inLanguage":"pt-BR","@id":"https:\/\/lacteus.com.br\/v5\/2023\/08\/conseleite-pr-divulga-valor-de-referencia-do-leite-entregue-em-agosto\/#primaryimage","url":"","contentUrl":""},{"@type":"BreadcrumbList","@id":"https:\/\/lacteus.com.br\/v5\/2023\/08\/conseleite-pr-divulga-valor-de-referencia-do-leite-entregue-em-agosto\/#breadcrumb","itemListElement":[{"@type":"ListItem","position":1,"name":"In\u00edcio","item":"https:\/\/lacteus.com.br\/v5\/"},{"@type":"ListItem","position":2,"name":"Conseleite\/PR divulga valor de refer\u00eancia do leite entregue em agosto"}]},{"@type":"WebSite","@id":"https:\/\/lacteus.com.br\/v5\/#website","url":"https:\/\/lacteus.com.br\/v5\/","name":"lacteus : Gest\u00e3o para Latic\u00ednios","description":"","publisher":{"@id":"https:\/\/lacteus.com.br\/v5\/#organization"},"potentialAction":[{"@type":"SearchAction","target":{"@type":"EntryPoint","urlTemplate":"https:\/\/lacteus.com.br\/v5\/?s={search_term_string}"},"query-input":{"@type":"PropertyValueSpecification","valueRequired":true,"valueName":"search_term_string"}}],"inLanguage":"pt-BR"},{"@type":"Organization","@id":"https:\/\/lacteus.com.br\/v5\/#organization","name":"Lacteus Gest\u00e3o para Latic\u00ednios","url":"https:\/\/lacteus.com.br\/v5\/","logo":{"@type":"ImageObject","inLanguage":"pt-BR","@id":"https:\/\/lacteus.com.br\/v5\/#\/schema\/logo\/image\/","url":"https:\/\/lacteus.com.br\/v5\/wp-content\/uploads\/2021\/07\/logo-H-100.png","contentUrl":"https:\/\/lacteus.com.br\/v5\/wp-content\/uploads\/2021\/07\/logo-H-100.png","width":524,"height":100,"caption":"Lacteus Gest\u00e3o para Latic\u00ednios"},"image":{"@id":"https:\/\/lacteus.com.br\/v5\/#\/schema\/logo\/image\/"},"sameAs":["https:\/\/www.facebook.com\/lacteusbrasil","https:\/\/x.com\/lacteusbrasil","https:\/\/www.instagram.com\/lacteusbrasil","https:\/\/www.linkedin.com\/company\/lacteusbrasil","https:\/\/www.youtube.com\/lacteusbrasil"]},{"@type":"Person","@id":"https:\/\/lacteus.com.br\/v5\/#\/schema\/person\/ddc73f97a34b201fe113dc1664f47663","name":"Daniel Couri","image":{"@type":"ImageObject","inLanguage":"pt-BR","@id":"https:\/\/lacteus.com.br\/v5\/#\/schema\/person\/image\/","url":"https:\/\/secure.gravatar.com\/avatar\/f3d1b137704d5c421cfbaf597096ebfb?s=96&d=mm&r=g","contentUrl":"https:\/\/secure.gravatar.com\/avatar\/f3d1b137704d5c421cfbaf597096ebfb?s=96&d=mm&r=g","caption":"Daniel Couri"},"url":"https:\/\/lacteus.com.br\/v5\/author\/comunicacao\/"}]}},"_links":{"self":[{"href":"https:\/\/lacteus.com.br\/v5\/wp-json\/wp\/v2\/posts\/58353","targetHints":{"allow":["GET"]}}],"collection":[{"href":"https:\/\/lacteus.com.br\/v5\/wp-json\/wp\/v2\/posts"}],"about":[{"href":"https:\/\/lacteus.com.br\/v5\/wp-json\/wp\/v2\/types\/post"}],"author":[{"embeddable":true,"href":"https:\/\/lacteus.com.br\/v5\/wp-json\/wp\/v2\/users\/2"}],"replies":[{"embeddable":true,"href":"https:\/\/lacteus.com.br\/v5\/wp-json\/wp\/v2\/comments?post=58353"}],"version-history":[{"count":2,"href":"https:\/\/lacteus.com.br\/v5\/wp-json\/wp\/v2\/posts\/58353\/revisions"}],"predecessor-version":[{"id":58356,"href":"https:\/\/lacteus.com.br\/v5\/wp-json\/wp\/v2\/posts\/58353\/revisions\/58356"}],"wp:attachment":[{"href":"https:\/\/lacteus.com.br\/v5\/wp-json\/wp\/v2\/media?parent=58353"}],"wp:term":[{"taxonomy":"category","embeddable":true,"href":"https:\/\/lacteus.com.br\/v5\/wp-json\/wp\/v2\/categories?post=58353"},{"taxonomy":"post_tag","embeddable":true,"href":"https:\/\/lacteus.com.br\/v5\/wp-json\/wp\/v2\/tags?post=58353"}],"curies":[{"name":"wp","href":"https:\/\/api.w.org\/{rel}","templated":true}]}}