{"id":58349,"date":"2023-08-31T13:44:09","date_gmt":"2023-08-31T16:44:09","guid":{"rendered":"https:\/\/lacteus.com.br\/v5\/?p=58349"},"modified":"2023-08-31T13:44:11","modified_gmt":"2023-08-31T16:44:11","slug":"leite-cepea-preco-cai-57-em-julho-e-registra-terceira-queda-consecutiva","status":"publish","type":"post","link":"https:\/\/lacteus.com.br\/v5\/2023\/08\/leite-cepea-preco-cai-57-em-julho-e-registra-terceira-queda-consecutiva\/","title":{"rendered":"Leite\/Cepea: Pre\u00e7o cai 5,7% em julho e registra terceira queda consecutiva"},"content":{"rendered":"\n<p><\/p>\n\n\n\n<p>O pre\u00e7o do leite cru captado pelos latic\u00ednios em julho registrou a terceira queda consecutiva. Pesquisas do Cepea (Centro de Estudos Avan\u00e7ados em Economia Aplicada), da Esalq\/USP, mostram que o valor m\u00e9dio chegou a R$ 2,4142\/litro na \u201cM\u00e9dia Brasil\u201d l\u00edquida em julho, recuos de 5,69 % frente ao de junho e de 35% na compara\u00e7\u00e3o com julho\/22, em termos reais (as m\u00e9dias foram deflacionadas pelo IPCA de jul\/23).<\/p>\n\n\n\n<p>Esse movimento de desvaloriza\u00e7\u00e3o do leite nesta \u00e9poca \u00e9 algo at\u00edpico para o setor, j\u00e1 que, historicamente, o que se observa \u00e9 alta dos pre\u00e7os, em decorr\u00eancia da entressafra, uma vez que a produ\u00e7\u00e3o n\u00e3o \u00e9 estimulada pelo clima neste per\u00edodo. Contudo, em 2023, as cota\u00e7\u00f5es seguem se comportando de maneira at\u00edpica, diante do consumo enfraquecido, do aumento de importa\u00e7\u00f5es e da queda nos custos de produ\u00e7\u00e3o. Esses fatores, combinados, t\u00eam engendrado o movimento de queda em toda a cadeia produtiva.<\/p>\n\n\n\n<p>A pesquisa realizada pelo Cepea com o apoio da OCB mostrou que os pre\u00e7os do leite UHT, do leite em p\u00f3 (400g) e da mu\u00e7arela negociados entre ind\u00fastrias e canais de distribui\u00e7\u00e3o no estado de S\u00e3o Paulo ca\u00edram 2,1%, 5,9% e 3,7% de junho para julho. Quando comparados com o mesmo per\u00edodo de 2022, esses mesmos derivados se desvalorizaram 35,8%, 23,9% e 36,4%, em termos reais (deflacionados pelo IPCA de jul\/23).&nbsp;<\/p>\n\n\n\n<p>&nbsp;aumento das importa\u00e7\u00f5es neste ano \u00e9 um fator que tem elevado a disponibilidade interna de l\u00e1cteos e pressionado as cota\u00e7\u00f5es na cadeia. Ainda que os dados da Secex mostrem que, em julho, as importa\u00e7\u00f5es ca\u00edram 12% em rela\u00e7\u00e3o a junho, o montante internalizado somou mais de 185 milh\u00f5es de litros em equivalente leite, expressivos 71% acima do volume importado no mesmo per\u00edodo do ano passado. Os pre\u00e7os mais competitivos dos l\u00e1cteos importados em rela\u00e7\u00e3o aos produtos nacionais seguem viabilizando as importa\u00e7\u00f5es.<\/p>\n\n\n\n<p>Al\u00e9m disso, \u00e9 preciso ressaltar que os custos da pecu\u00e1ria leiteira iniciaram este segundo semestre em queda, continuando o movimento baixista observado nos \u00faltimos meses.&nbsp; O Custo Operacional Efetivo (COE) da pecu\u00e1ria leiteira caiu 0,41% em julho na \u201cM\u00e9dia Brasil\u201d, influenciado sobretudo pela desvaloriza\u00e7\u00e3o do concentrado, dos adubos e corretivos. Nos primeiros sete meses do ano, os custos da atividade acumularam baixa de 6,15%, incentivando investimentos na produ\u00e7\u00e3o, o que tem feito a oferta de leite se recuperar mesmo na entressafra. O \u00cdndice de Capta\u00e7\u00e3o Leiteira (ICAP-L) do Cepea registrou em julho avan\u00e7o de 4,76% na M\u00e9dia Brasil \u2013 a quarta alta consecutiva.&nbsp;<\/p>\n\n\n\n<p><strong>Gr\u00e1fico 1. S\u00e9rie de pre\u00e7os m\u00e9dios recebidos pelo produtor (l\u00edquido), em valores reais (deflacionados pelo IPCA de jul\/2023).<\/strong><\/p>\n\n\n\n<p><\/p>\n\n\n\n<figure class=\"wp-block-image size-full\"><img decoding=\"async\" src=\"https:\/\/lacteus.com.br\/v5\/wp-content\/uploads\/2023\/08\/20230831113225.webp\" alt=\"\" class=\"wp-image-58350\"\/><\/figure>\n\n\n\n<p><\/p>\n\n\n\n<p><strong>Pre\u00e7os do leite pagos ao produtor no m\u00eas de agosto\/2023<\/strong><\/p>\n\n\n\n<figure class=\"wp-block-image size-full\"><img decoding=\"async\" src=\"https:\/\/lacteus.com.br\/v5\/wp-content\/uploads\/2023\/08\/20230831113823.webp\" alt=\"\" class=\"wp-image-58351\"\/><\/figure>\n\n\n\n<p><\/p>\n\n\n\n<p><strong>Cota\u00e7\u00f5es de leite cru &#8211;<\/strong>\u00a0Pre\u00e7os pagos pelos latic\u00ednios e recebidos pelos produtores (l\u00edquido) em agosto\/23 referentes ao leite entregue em Junho\/23 nos estados que comp\u00f5em e n\u00e3o comp\u00f5em a \u201cM\u00e9dia Brasil\u201d. Dados deflacionados pelo IPCA de Julho de 2023. A \u201cM\u00e9dia Brasil\u201d l\u00edquida cont\u00e9m os pre\u00e7os de BA, GO, MG, SP, PR, SC e RS ponderados pelos seus respectivos volumes de negocia\u00e7\u00e3o, sem considerar frete ou impostos. Demais estados RJ, ES, MS, CE e PE n\u00e3o est\u00e3o inclu\u00eddos na \u201cM\u00e9dia Brasil\u201d.<\/p>\n\n\n\n<div style=\"height:12px\" aria-hidden=\"true\" class=\"wp-block-spacer\"><\/div>\n\n\n\n<p>As informa\u00e7\u00f5es s\u00e3o do&nbsp;<strong><a href=\"https:\/\/cepea.esalq.usp.br\/br\/releases\/leite-cepea-preco-cai-5-7-em-julho-e-registra-terceira-queda-consecutiva.aspx\" target=\"_blank\" rel=\"noreferrer noopener\">Cepea.<\/a><\/strong><\/p>\n","protected":false},"excerpt":{"rendered":"<p>O pre\u00e7o do leite cru captado pelos latic\u00ednios em julho registrou a terceira queda consecutiva. Pesquisas do Cepea (Centro de Estudos Avan\u00e7ados em Economia Aplicada), da Esalq\/USP, mostram que o valor m\u00e9dio chegou a R$ 2,4142\/litro na \u201cM\u00e9dia Brasil\u201d l\u00edquida em julho, recuos de 5,69 % frente ao de junho e de 35% na compara\u00e7\u00e3o [&hellip;]<\/p>\n","protected":false},"author":2,"featured_media":0,"comment_status":"open","ping_status":"open","sticky":false,"template":"","format":"standard","meta":{"footnotes":""},"categories":[525],"tags":[],"class_list":["post-58349","post","type-post","status-publish","format-standard","hentry","category-noticias"],"yoast_head":"<!-- This site is optimized with the Yoast SEO plugin v24.5 - https:\/\/yoast.com\/wordpress\/plugins\/seo\/ -->\n<title>Leite\/Cepea: Pre\u00e7o cai 5,7% em julho e registra terceira queda consecutiva | lacteus : Gest\u00e3o para Latic\u00ednios<\/title>\n<meta name=\"robots\" content=\"index, follow, max-snippet:-1, max-image-preview:large, max-video-preview:-1\" \/>\n<link rel=\"canonical\" href=\"https:\/\/lacteus.com.br\/v5\/2023\/08\/leite-cepea-preco-cai-57-em-julho-e-registra-terceira-queda-consecutiva\/\" \/>\n<meta property=\"og:locale\" content=\"pt_BR\" \/>\n<meta property=\"og:type\" content=\"article\" \/>\n<meta property=\"og:title\" content=\"Leite\/Cepea: Pre\u00e7o cai 5,7% em julho e registra terceira queda consecutiva | lacteus : Gest\u00e3o para Latic\u00ednios\" \/>\n<meta property=\"og:description\" content=\"O pre\u00e7o do leite cru captado pelos latic\u00ednios em julho registrou a terceira queda consecutiva. Pesquisas do Cepea (Centro de Estudos Avan\u00e7ados em Economia Aplicada), da Esalq\/USP, mostram que o valor m\u00e9dio chegou a R$ 2,4142\/litro na \u201cM\u00e9dia Brasil\u201d l\u00edquida em julho, recuos de 5,69 % frente ao de junho e de 35% na compara\u00e7\u00e3o [&hellip;]\" \/>\n<meta property=\"og:url\" content=\"https:\/\/lacteus.com.br\/v5\/2023\/08\/leite-cepea-preco-cai-57-em-julho-e-registra-terceira-queda-consecutiva\/\" \/>\n<meta property=\"og:site_name\" content=\"lacteus : Gest\u00e3o para Latic\u00ednios\" \/>\n<meta property=\"article:publisher\" content=\"https:\/\/www.facebook.com\/lacteusbrasil\" \/>\n<meta property=\"article:published_time\" content=\"2023-08-31T16:44:09+00:00\" \/>\n<meta property=\"article:modified_time\" content=\"2023-08-31T16:44:11+00:00\" \/>\n<meta property=\"og:image\" content=\"https:\/\/lacteus.com.br\/v5\/wp-content\/uploads\/2023\/08\/20230831113225.webp\" \/>\n<meta name=\"author\" content=\"Daniel Couri\" \/>\n<meta name=\"twitter:card\" content=\"summary_large_image\" \/>\n<meta name=\"twitter:creator\" content=\"@lacteusbrasil\" \/>\n<meta name=\"twitter:site\" content=\"@lacteusbrasil\" \/>\n<meta name=\"twitter:label1\" content=\"Escrito por\" \/>\n\t<meta name=\"twitter:data1\" content=\"Daniel Couri\" \/>\n\t<meta name=\"twitter:label2\" content=\"Est. tempo de leitura\" \/>\n\t<meta name=\"twitter:data2\" content=\"3 minutos\" \/>\n<script type=\"application\/ld+json\" class=\"yoast-schema-graph\">{\"@context\":\"https:\/\/schema.org\",\"@graph\":[{\"@type\":\"Article\",\"@id\":\"https:\/\/lacteus.com.br\/v5\/2023\/08\/leite-cepea-preco-cai-57-em-julho-e-registra-terceira-queda-consecutiva\/#article\",\"isPartOf\":{\"@id\":\"https:\/\/lacteus.com.br\/v5\/2023\/08\/leite-cepea-preco-cai-57-em-julho-e-registra-terceira-queda-consecutiva\/\"},\"author\":{\"name\":\"Daniel Couri\",\"@id\":\"https:\/\/lacteus.com.br\/v5\/#\/schema\/person\/ddc73f97a34b201fe113dc1664f47663\"},\"headline\":\"Leite\/Cepea: Pre\u00e7o cai 5,7% em julho e registra terceira queda consecutiva\",\"datePublished\":\"2023-08-31T16:44:09+00:00\",\"dateModified\":\"2023-08-31T16:44:11+00:00\",\"mainEntityOfPage\":{\"@id\":\"https:\/\/lacteus.com.br\/v5\/2023\/08\/leite-cepea-preco-cai-57-em-julho-e-registra-terceira-queda-consecutiva\/\"},\"wordCount\":586,\"commentCount\":0,\"publisher\":{\"@id\":\"https:\/\/lacteus.com.br\/v5\/#organization\"},\"image\":{\"@id\":\"https:\/\/lacteus.com.br\/v5\/2023\/08\/leite-cepea-preco-cai-57-em-julho-e-registra-terceira-queda-consecutiva\/#primaryimage\"},\"thumbnailUrl\":\"https:\/\/lacteus.com.br\/v5\/wp-content\/uploads\/2023\/08\/20230831113225.webp\",\"articleSection\":[\"Not\u00edcias\"],\"inLanguage\":\"pt-BR\",\"potentialAction\":[{\"@type\":\"CommentAction\",\"name\":\"Comment\",\"target\":[\"https:\/\/lacteus.com.br\/v5\/2023\/08\/leite-cepea-preco-cai-57-em-julho-e-registra-terceira-queda-consecutiva\/#respond\"]}]},{\"@type\":\"WebPage\",\"@id\":\"https:\/\/lacteus.com.br\/v5\/2023\/08\/leite-cepea-preco-cai-57-em-julho-e-registra-terceira-queda-consecutiva\/\",\"url\":\"https:\/\/lacteus.com.br\/v5\/2023\/08\/leite-cepea-preco-cai-57-em-julho-e-registra-terceira-queda-consecutiva\/\",\"name\":\"Leite\/Cepea: Pre\u00e7o cai 5,7% em julho e registra terceira queda consecutiva | lacteus : Gest\u00e3o para Latic\u00ednios\",\"isPartOf\":{\"@id\":\"https:\/\/lacteus.com.br\/v5\/#website\"},\"primaryImageOfPage\":{\"@id\":\"https:\/\/lacteus.com.br\/v5\/2023\/08\/leite-cepea-preco-cai-57-em-julho-e-registra-terceira-queda-consecutiva\/#primaryimage\"},\"image\":{\"@id\":\"https:\/\/lacteus.com.br\/v5\/2023\/08\/leite-cepea-preco-cai-57-em-julho-e-registra-terceira-queda-consecutiva\/#primaryimage\"},\"thumbnailUrl\":\"https:\/\/lacteus.com.br\/v5\/wp-content\/uploads\/2023\/08\/20230831113225.webp\",\"datePublished\":\"2023-08-31T16:44:09+00:00\",\"dateModified\":\"2023-08-31T16:44:11+00:00\",\"breadcrumb\":{\"@id\":\"https:\/\/lacteus.com.br\/v5\/2023\/08\/leite-cepea-preco-cai-57-em-julho-e-registra-terceira-queda-consecutiva\/#breadcrumb\"},\"inLanguage\":\"pt-BR\",\"potentialAction\":[{\"@type\":\"ReadAction\",\"target\":[\"https:\/\/lacteus.com.br\/v5\/2023\/08\/leite-cepea-preco-cai-57-em-julho-e-registra-terceira-queda-consecutiva\/\"]}]},{\"@type\":\"ImageObject\",\"inLanguage\":\"pt-BR\",\"@id\":\"https:\/\/lacteus.com.br\/v5\/2023\/08\/leite-cepea-preco-cai-57-em-julho-e-registra-terceira-queda-consecutiva\/#primaryimage\",\"url\":\"\",\"contentUrl\":\"\"},{\"@type\":\"BreadcrumbList\",\"@id\":\"https:\/\/lacteus.com.br\/v5\/2023\/08\/leite-cepea-preco-cai-57-em-julho-e-registra-terceira-queda-consecutiva\/#breadcrumb\",\"itemListElement\":[{\"@type\":\"ListItem\",\"position\":1,\"name\":\"In\u00edcio\",\"item\":\"https:\/\/lacteus.com.br\/v5\/\"},{\"@type\":\"ListItem\",\"position\":2,\"name\":\"Leite\/Cepea: Pre\u00e7o cai 5,7% em julho e registra terceira queda consecutiva\"}]},{\"@type\":\"WebSite\",\"@id\":\"https:\/\/lacteus.com.br\/v5\/#website\",\"url\":\"https:\/\/lacteus.com.br\/v5\/\",\"name\":\"lacteus : Gest\u00e3o para Latic\u00ednios\",\"description\":\"\",\"publisher\":{\"@id\":\"https:\/\/lacteus.com.br\/v5\/#organization\"},\"potentialAction\":[{\"@type\":\"SearchAction\",\"target\":{\"@type\":\"EntryPoint\",\"urlTemplate\":\"https:\/\/lacteus.com.br\/v5\/?s={search_term_string}\"},\"query-input\":{\"@type\":\"PropertyValueSpecification\",\"valueRequired\":true,\"valueName\":\"search_term_string\"}}],\"inLanguage\":\"pt-BR\"},{\"@type\":\"Organization\",\"@id\":\"https:\/\/lacteus.com.br\/v5\/#organization\",\"name\":\"Lacteus Gest\u00e3o para Latic\u00ednios\",\"url\":\"https:\/\/lacteus.com.br\/v5\/\",\"logo\":{\"@type\":\"ImageObject\",\"inLanguage\":\"pt-BR\",\"@id\":\"https:\/\/lacteus.com.br\/v5\/#\/schema\/logo\/image\/\",\"url\":\"https:\/\/lacteus.com.br\/v5\/wp-content\/uploads\/2021\/07\/logo-H-100.png\",\"contentUrl\":\"https:\/\/lacteus.com.br\/v5\/wp-content\/uploads\/2021\/07\/logo-H-100.png\",\"width\":524,\"height\":100,\"caption\":\"Lacteus Gest\u00e3o para Latic\u00ednios\"},\"image\":{\"@id\":\"https:\/\/lacteus.com.br\/v5\/#\/schema\/logo\/image\/\"},\"sameAs\":[\"https:\/\/www.facebook.com\/lacteusbrasil\",\"https:\/\/x.com\/lacteusbrasil\",\"https:\/\/www.instagram.com\/lacteusbrasil\",\"https:\/\/www.linkedin.com\/company\/lacteusbrasil\",\"https:\/\/www.youtube.com\/lacteusbrasil\"]},{\"@type\":\"Person\",\"@id\":\"https:\/\/lacteus.com.br\/v5\/#\/schema\/person\/ddc73f97a34b201fe113dc1664f47663\",\"name\":\"Daniel Couri\",\"image\":{\"@type\":\"ImageObject\",\"inLanguage\":\"pt-BR\",\"@id\":\"https:\/\/lacteus.com.br\/v5\/#\/schema\/person\/image\/\",\"url\":\"https:\/\/secure.gravatar.com\/avatar\/f3d1b137704d5c421cfbaf597096ebfb?s=96&d=mm&r=g\",\"contentUrl\":\"https:\/\/secure.gravatar.com\/avatar\/f3d1b137704d5c421cfbaf597096ebfb?s=96&d=mm&r=g\",\"caption\":\"Daniel Couri\"},\"url\":\"https:\/\/lacteus.com.br\/v5\/author\/comunicacao\/\"}]}<\/script>\n<!-- \/ Yoast SEO plugin. -->","yoast_head_json":{"title":"Leite\/Cepea: Pre\u00e7o cai 5,7% em julho e registra terceira queda consecutiva | lacteus : Gest\u00e3o para Latic\u00ednios","robots":{"index":"index","follow":"follow","max-snippet":"max-snippet:-1","max-image-preview":"max-image-preview:large","max-video-preview":"max-video-preview:-1"},"canonical":"https:\/\/lacteus.com.br\/v5\/2023\/08\/leite-cepea-preco-cai-57-em-julho-e-registra-terceira-queda-consecutiva\/","og_locale":"pt_BR","og_type":"article","og_title":"Leite\/Cepea: Pre\u00e7o cai 5,7% em julho e registra terceira queda consecutiva | lacteus : Gest\u00e3o para Latic\u00ednios","og_description":"O pre\u00e7o do leite cru captado pelos latic\u00ednios em julho registrou a terceira queda consecutiva. Pesquisas do Cepea (Centro de Estudos Avan\u00e7ados em Economia Aplicada), da Esalq\/USP, mostram que o valor m\u00e9dio chegou a R$ 2,4142\/litro na \u201cM\u00e9dia Brasil\u201d l\u00edquida em julho, recuos de 5,69 % frente ao de junho e de 35% na compara\u00e7\u00e3o [&hellip;]","og_url":"https:\/\/lacteus.com.br\/v5\/2023\/08\/leite-cepea-preco-cai-57-em-julho-e-registra-terceira-queda-consecutiva\/","og_site_name":"lacteus : Gest\u00e3o para Latic\u00ednios","article_publisher":"https:\/\/www.facebook.com\/lacteusbrasil","article_published_time":"2023-08-31T16:44:09+00:00","article_modified_time":"2023-08-31T16:44:11+00:00","og_image":[{"url":"https:\/\/lacteus.com.br\/v5\/wp-content\/uploads\/2023\/08\/20230831113225.webp","type":"","width":"","height":""}],"author":"Daniel Couri","twitter_card":"summary_large_image","twitter_creator":"@lacteusbrasil","twitter_site":"@lacteusbrasil","twitter_misc":{"Escrito por":"Daniel Couri","Est. tempo de leitura":"3 minutos"},"schema":{"@context":"https:\/\/schema.org","@graph":[{"@type":"Article","@id":"https:\/\/lacteus.com.br\/v5\/2023\/08\/leite-cepea-preco-cai-57-em-julho-e-registra-terceira-queda-consecutiva\/#article","isPartOf":{"@id":"https:\/\/lacteus.com.br\/v5\/2023\/08\/leite-cepea-preco-cai-57-em-julho-e-registra-terceira-queda-consecutiva\/"},"author":{"name":"Daniel Couri","@id":"https:\/\/lacteus.com.br\/v5\/#\/schema\/person\/ddc73f97a34b201fe113dc1664f47663"},"headline":"Leite\/Cepea: Pre\u00e7o cai 5,7% em julho e registra terceira queda consecutiva","datePublished":"2023-08-31T16:44:09+00:00","dateModified":"2023-08-31T16:44:11+00:00","mainEntityOfPage":{"@id":"https:\/\/lacteus.com.br\/v5\/2023\/08\/leite-cepea-preco-cai-57-em-julho-e-registra-terceira-queda-consecutiva\/"},"wordCount":586,"commentCount":0,"publisher":{"@id":"https:\/\/lacteus.com.br\/v5\/#organization"},"image":{"@id":"https:\/\/lacteus.com.br\/v5\/2023\/08\/leite-cepea-preco-cai-57-em-julho-e-registra-terceira-queda-consecutiva\/#primaryimage"},"thumbnailUrl":"https:\/\/lacteus.com.br\/v5\/wp-content\/uploads\/2023\/08\/20230831113225.webp","articleSection":["Not\u00edcias"],"inLanguage":"pt-BR","potentialAction":[{"@type":"CommentAction","name":"Comment","target":["https:\/\/lacteus.com.br\/v5\/2023\/08\/leite-cepea-preco-cai-57-em-julho-e-registra-terceira-queda-consecutiva\/#respond"]}]},{"@type":"WebPage","@id":"https:\/\/lacteus.com.br\/v5\/2023\/08\/leite-cepea-preco-cai-57-em-julho-e-registra-terceira-queda-consecutiva\/","url":"https:\/\/lacteus.com.br\/v5\/2023\/08\/leite-cepea-preco-cai-57-em-julho-e-registra-terceira-queda-consecutiva\/","name":"Leite\/Cepea: Pre\u00e7o cai 5,7% em julho e registra terceira queda consecutiva | lacteus : Gest\u00e3o para Latic\u00ednios","isPartOf":{"@id":"https:\/\/lacteus.com.br\/v5\/#website"},"primaryImageOfPage":{"@id":"https:\/\/lacteus.com.br\/v5\/2023\/08\/leite-cepea-preco-cai-57-em-julho-e-registra-terceira-queda-consecutiva\/#primaryimage"},"image":{"@id":"https:\/\/lacteus.com.br\/v5\/2023\/08\/leite-cepea-preco-cai-57-em-julho-e-registra-terceira-queda-consecutiva\/#primaryimage"},"thumbnailUrl":"https:\/\/lacteus.com.br\/v5\/wp-content\/uploads\/2023\/08\/20230831113225.webp","datePublished":"2023-08-31T16:44:09+00:00","dateModified":"2023-08-31T16:44:11+00:00","breadcrumb":{"@id":"https:\/\/lacteus.com.br\/v5\/2023\/08\/leite-cepea-preco-cai-57-em-julho-e-registra-terceira-queda-consecutiva\/#breadcrumb"},"inLanguage":"pt-BR","potentialAction":[{"@type":"ReadAction","target":["https:\/\/lacteus.com.br\/v5\/2023\/08\/leite-cepea-preco-cai-57-em-julho-e-registra-terceira-queda-consecutiva\/"]}]},{"@type":"ImageObject","inLanguage":"pt-BR","@id":"https:\/\/lacteus.com.br\/v5\/2023\/08\/leite-cepea-preco-cai-57-em-julho-e-registra-terceira-queda-consecutiva\/#primaryimage","url":"","contentUrl":""},{"@type":"BreadcrumbList","@id":"https:\/\/lacteus.com.br\/v5\/2023\/08\/leite-cepea-preco-cai-57-em-julho-e-registra-terceira-queda-consecutiva\/#breadcrumb","itemListElement":[{"@type":"ListItem","position":1,"name":"In\u00edcio","item":"https:\/\/lacteus.com.br\/v5\/"},{"@type":"ListItem","position":2,"name":"Leite\/Cepea: Pre\u00e7o cai 5,7% em julho e registra terceira queda consecutiva"}]},{"@type":"WebSite","@id":"https:\/\/lacteus.com.br\/v5\/#website","url":"https:\/\/lacteus.com.br\/v5\/","name":"lacteus : Gest\u00e3o para Latic\u00ednios","description":"","publisher":{"@id":"https:\/\/lacteus.com.br\/v5\/#organization"},"potentialAction":[{"@type":"SearchAction","target":{"@type":"EntryPoint","urlTemplate":"https:\/\/lacteus.com.br\/v5\/?s={search_term_string}"},"query-input":{"@type":"PropertyValueSpecification","valueRequired":true,"valueName":"search_term_string"}}],"inLanguage":"pt-BR"},{"@type":"Organization","@id":"https:\/\/lacteus.com.br\/v5\/#organization","name":"Lacteus Gest\u00e3o para Latic\u00ednios","url":"https:\/\/lacteus.com.br\/v5\/","logo":{"@type":"ImageObject","inLanguage":"pt-BR","@id":"https:\/\/lacteus.com.br\/v5\/#\/schema\/logo\/image\/","url":"https:\/\/lacteus.com.br\/v5\/wp-content\/uploads\/2021\/07\/logo-H-100.png","contentUrl":"https:\/\/lacteus.com.br\/v5\/wp-content\/uploads\/2021\/07\/logo-H-100.png","width":524,"height":100,"caption":"Lacteus Gest\u00e3o para Latic\u00ednios"},"image":{"@id":"https:\/\/lacteus.com.br\/v5\/#\/schema\/logo\/image\/"},"sameAs":["https:\/\/www.facebook.com\/lacteusbrasil","https:\/\/x.com\/lacteusbrasil","https:\/\/www.instagram.com\/lacteusbrasil","https:\/\/www.linkedin.com\/company\/lacteusbrasil","https:\/\/www.youtube.com\/lacteusbrasil"]},{"@type":"Person","@id":"https:\/\/lacteus.com.br\/v5\/#\/schema\/person\/ddc73f97a34b201fe113dc1664f47663","name":"Daniel Couri","image":{"@type":"ImageObject","inLanguage":"pt-BR","@id":"https:\/\/lacteus.com.br\/v5\/#\/schema\/person\/image\/","url":"https:\/\/secure.gravatar.com\/avatar\/f3d1b137704d5c421cfbaf597096ebfb?s=96&d=mm&r=g","contentUrl":"https:\/\/secure.gravatar.com\/avatar\/f3d1b137704d5c421cfbaf597096ebfb?s=96&d=mm&r=g","caption":"Daniel Couri"},"url":"https:\/\/lacteus.com.br\/v5\/author\/comunicacao\/"}]}},"_links":{"self":[{"href":"https:\/\/lacteus.com.br\/v5\/wp-json\/wp\/v2\/posts\/58349","targetHints":{"allow":["GET"]}}],"collection":[{"href":"https:\/\/lacteus.com.br\/v5\/wp-json\/wp\/v2\/posts"}],"about":[{"href":"https:\/\/lacteus.com.br\/v5\/wp-json\/wp\/v2\/types\/post"}],"author":[{"embeddable":true,"href":"https:\/\/lacteus.com.br\/v5\/wp-json\/wp\/v2\/users\/2"}],"replies":[{"embeddable":true,"href":"https:\/\/lacteus.com.br\/v5\/wp-json\/wp\/v2\/comments?post=58349"}],"version-history":[{"count":1,"href":"https:\/\/lacteus.com.br\/v5\/wp-json\/wp\/v2\/posts\/58349\/revisions"}],"predecessor-version":[{"id":58352,"href":"https:\/\/lacteus.com.br\/v5\/wp-json\/wp\/v2\/posts\/58349\/revisions\/58352"}],"wp:attachment":[{"href":"https:\/\/lacteus.com.br\/v5\/wp-json\/wp\/v2\/media?parent=58349"}],"wp:term":[{"taxonomy":"category","embeddable":true,"href":"https:\/\/lacteus.com.br\/v5\/wp-json\/wp\/v2\/categories?post=58349"},{"taxonomy":"post_tag","embeddable":true,"href":"https:\/\/lacteus.com.br\/v5\/wp-json\/wp\/v2\/tags?post=58349"}],"curies":[{"name":"wp","href":"https:\/\/api.w.org\/{rel}","templated":true}]}}