{"id":58347,"date":"2023-08-30T11:28:56","date_gmt":"2023-08-30T14:28:56","guid":{"rendered":"https:\/\/lacteus.com.br\/v5\/?p=58347"},"modified":"2023-08-30T11:40:05","modified_gmt":"2023-08-30T14:40:05","slug":"abraleite-pede-a-governo-medidas-estruturantes-para-frear-crise-do-setor-de-lacteos","status":"publish","type":"post","link":"https:\/\/lacteus.com.br\/v5\/2023\/08\/abraleite-pede-a-governo-medidas-estruturantes-para-frear-crise-do-setor-de-lacteos\/","title":{"rendered":"Abraleite pede a governo medidas estruturantes para frear crise do setor de l\u00e1cteos"},"content":{"rendered":"\n<p><\/p>\n\n\n\n<p>A Associa\u00e7\u00e3o Brasileira dos Produtores de Leite (Abraleite) pediu ao governo medidas estruturantes de m\u00e9dio e longo prazo para a cadeia leiteira, em meio \u00e0 crise de baixos pre\u00e7os pagos ao produtor e ao aumento expressivo das importa\u00e7\u00f5es de l\u00e1cteos. O pleito foi levado pelo presidente da associa\u00e7\u00e3o, Geraldo Borges, ao ministro da Agricultura, Carlos F\u00e1varo, em reuni\u00e3o com mais de 30 entidades do setor na noite da ter\u00e7a-feira, 29.<\/p>\n\n\n\n<p>&#8220;H\u00e1 necessidade de a\u00e7\u00f5es estruturantes, al\u00e9m das j\u00e1 anunciadas que s\u00e3o bem-vindas pelo setor. N\u00e3o podemos ficar s\u00f3 resolvendo paliativamente. A\u00e7\u00f5es para aumentar a produtividade e, consequentemente, a competitividade&#8221;, disse Borges a jornalistas ap\u00f3s o encontro.<\/p>\n\n\n\n<p>Essas medidas estruturantes passam pela agenda de competitividade, afirmou o presidente da Abraleite.<\/p>\n\n\n\n<p>&#8220;Precisamos n\u00e3o s\u00f3 de medidas a curto prazo, para se resolver a crise que se instalou em decorr\u00eancia das importa\u00e7\u00f5es predat\u00f3rias recordes, mas que tamb\u00e9m possa se desenvolver por meio do grupo de trabalho interministerial a\u00e7\u00f5es estruturantes com o setor privado para que tornemos o Pa\u00eds mais competitivo&#8221;, afirmou o presidente da Abraleite.<\/p>\n\n\n\n<p>Borges afirmou que F\u00e1varo se mostrou interessado em continuar a trabalhando a pauta do setor leiteiro com o grupo interministerial.<\/p>\n\n\n\n<p>Segundo Borges, um dos objetivos do setor \u00e9 inserir o leite na pauta das exporta\u00e7\u00f5es brasileiras. &#8220;Queremos \u00e9 que o Pa\u00eds passe n\u00e3o s\u00f3 a abastecer a popula\u00e7\u00e3o, mas tamb\u00e9m exportar o excedente. Hoje, estamos correndo risco de desabastecimento no m\u00e9dio prazo, pelo fato de que o Brasil est\u00e1 voltando a ser dependente das importa\u00e7\u00f5es&#8221;, observou.<\/p>\n\n\n\n<p>De acordo com dados da Abraleite, as importa\u00e7\u00f5es passaram a responder entre 11% e 12% do leite consumido no Pa\u00eds ante 3% da m\u00e9dia hist\u00f3rica. &#8220;J\u00e1 tivemos essa situa\u00e7\u00e3o no passado, quando o Brasil importava 30% do que consumia. Isso \u00e9 uma amea\u00e7a&#8221;, ponderou, acrescentando que a importa\u00e7\u00e3o n\u00e3o diminuiu os pre\u00e7os pagos pelo consumidor no varejo.<\/p>\n\n\n\n<p>No \u00faltimo m\u00eas, o governo anunciou destina\u00e7\u00e3o de R$ 200 milh\u00f5es para compras p\u00fablicas de leite em p\u00f3 e elevou al\u00edquotas de importa\u00e7\u00e3o de l\u00e1cteos fora do Mercosul como medidas emergenciais de socorro aos setor leiteiro.<\/p>\n\n\n\n<div style=\"height:20px\" aria-hidden=\"true\" class=\"wp-block-spacer\"><\/div>\n\n\n\n<p>Fonte: <a href=\"https:\/\/www.bol.uol.com.br\/noticias\/2023\/08\/30\/abraleite-pede-a-governo-medidas-estruturantes-para-frear-crise-do-setor-de-lacteos.htm\" target=\"_blank\" rel=\"noreferrer noopener\">Bol Not\u00edcias<\/a>.<\/p>\n","protected":false},"excerpt":{"rendered":"<p>A Associa\u00e7\u00e3o Brasileira dos Produtores de Leite (Abraleite) pediu ao governo medidas estruturantes de m\u00e9dio e longo prazo para a cadeia leiteira, em meio \u00e0 crise de baixos pre\u00e7os pagos ao produtor e ao aumento expressivo das importa\u00e7\u00f5es de l\u00e1cteos. O pleito foi levado pelo presidente da associa\u00e7\u00e3o, Geraldo Borges, ao ministro da Agricultura, Carlos [&hellip;]<\/p>\n","protected":false},"author":2,"featured_media":0,"comment_status":"open","ping_status":"open","sticky":false,"template":"","format":"standard","meta":{"footnotes":""},"categories":[525],"tags":[],"class_list":["post-58347","post","type-post","status-publish","format-standard","hentry","category-noticias"],"yoast_head":"<!-- This site is optimized with the Yoast SEO plugin v24.5 - https:\/\/yoast.com\/wordpress\/plugins\/seo\/ -->\n<title>Abraleite pede a governo medidas estruturantes para frear crise do setor de l\u00e1cteos | lacteus : Gest\u00e3o para Latic\u00ednios<\/title>\n<meta name=\"robots\" content=\"index, follow, max-snippet:-1, max-image-preview:large, max-video-preview:-1\" \/>\n<link rel=\"canonical\" href=\"https:\/\/lacteus.com.br\/v5\/2023\/08\/abraleite-pede-a-governo-medidas-estruturantes-para-frear-crise-do-setor-de-lacteos\/\" \/>\n<meta property=\"og:locale\" content=\"pt_BR\" \/>\n<meta property=\"og:type\" content=\"article\" \/>\n<meta property=\"og:title\" content=\"Abraleite pede a governo medidas estruturantes para frear crise do setor de l\u00e1cteos | lacteus : Gest\u00e3o para Latic\u00ednios\" \/>\n<meta property=\"og:description\" content=\"A Associa\u00e7\u00e3o Brasileira dos Produtores de Leite (Abraleite) pediu ao governo medidas estruturantes de m\u00e9dio e longo prazo para a cadeia leiteira, em meio \u00e0 crise de baixos pre\u00e7os pagos ao produtor e ao aumento expressivo das importa\u00e7\u00f5es de l\u00e1cteos. O pleito foi levado pelo presidente da associa\u00e7\u00e3o, Geraldo Borges, ao ministro da Agricultura, Carlos [&hellip;]\" \/>\n<meta property=\"og:url\" content=\"https:\/\/lacteus.com.br\/v5\/2023\/08\/abraleite-pede-a-governo-medidas-estruturantes-para-frear-crise-do-setor-de-lacteos\/\" \/>\n<meta property=\"og:site_name\" content=\"lacteus : Gest\u00e3o para Latic\u00ednios\" \/>\n<meta property=\"article:publisher\" content=\"https:\/\/www.facebook.com\/lacteusbrasil\" \/>\n<meta property=\"article:published_time\" content=\"2023-08-30T14:28:56+00:00\" \/>\n<meta property=\"article:modified_time\" content=\"2023-08-30T14:40:05+00:00\" \/>\n<meta name=\"author\" content=\"Daniel Couri\" \/>\n<meta name=\"twitter:card\" content=\"summary_large_image\" \/>\n<meta name=\"twitter:creator\" content=\"@lacteusbrasil\" \/>\n<meta name=\"twitter:site\" content=\"@lacteusbrasil\" \/>\n<meta name=\"twitter:label1\" content=\"Escrito por\" \/>\n\t<meta name=\"twitter:data1\" content=\"Daniel Couri\" \/>\n\t<meta name=\"twitter:label2\" content=\"Est. tempo de leitura\" \/>\n\t<meta name=\"twitter:data2\" content=\"2 minutos\" \/>\n<script type=\"application\/ld+json\" class=\"yoast-schema-graph\">{\"@context\":\"https:\/\/schema.org\",\"@graph\":[{\"@type\":\"Article\",\"@id\":\"https:\/\/lacteus.com.br\/v5\/2023\/08\/abraleite-pede-a-governo-medidas-estruturantes-para-frear-crise-do-setor-de-lacteos\/#article\",\"isPartOf\":{\"@id\":\"https:\/\/lacteus.com.br\/v5\/2023\/08\/abraleite-pede-a-governo-medidas-estruturantes-para-frear-crise-do-setor-de-lacteos\/\"},\"author\":{\"name\":\"Daniel Couri\",\"@id\":\"https:\/\/lacteus.com.br\/v5\/#\/schema\/person\/ddc73f97a34b201fe113dc1664f47663\"},\"headline\":\"Abraleite pede a governo medidas estruturantes para frear crise do setor de l\u00e1cteos\",\"datePublished\":\"2023-08-30T14:28:56+00:00\",\"dateModified\":\"2023-08-30T14:40:05+00:00\",\"mainEntityOfPage\":{\"@id\":\"https:\/\/lacteus.com.br\/v5\/2023\/08\/abraleite-pede-a-governo-medidas-estruturantes-para-frear-crise-do-setor-de-lacteos\/\"},\"wordCount\":394,\"commentCount\":0,\"publisher\":{\"@id\":\"https:\/\/lacteus.com.br\/v5\/#organization\"},\"articleSection\":[\"Not\u00edcias\"],\"inLanguage\":\"pt-BR\",\"potentialAction\":[{\"@type\":\"CommentAction\",\"name\":\"Comment\",\"target\":[\"https:\/\/lacteus.com.br\/v5\/2023\/08\/abraleite-pede-a-governo-medidas-estruturantes-para-frear-crise-do-setor-de-lacteos\/#respond\"]}]},{\"@type\":\"WebPage\",\"@id\":\"https:\/\/lacteus.com.br\/v5\/2023\/08\/abraleite-pede-a-governo-medidas-estruturantes-para-frear-crise-do-setor-de-lacteos\/\",\"url\":\"https:\/\/lacteus.com.br\/v5\/2023\/08\/abraleite-pede-a-governo-medidas-estruturantes-para-frear-crise-do-setor-de-lacteos\/\",\"name\":\"Abraleite pede a governo medidas estruturantes para frear crise do setor de l\u00e1cteos | lacteus : Gest\u00e3o para Latic\u00ednios\",\"isPartOf\":{\"@id\":\"https:\/\/lacteus.com.br\/v5\/#website\"},\"datePublished\":\"2023-08-30T14:28:56+00:00\",\"dateModified\":\"2023-08-30T14:40:05+00:00\",\"breadcrumb\":{\"@id\":\"https:\/\/lacteus.com.br\/v5\/2023\/08\/abraleite-pede-a-governo-medidas-estruturantes-para-frear-crise-do-setor-de-lacteos\/#breadcrumb\"},\"inLanguage\":\"pt-BR\",\"potentialAction\":[{\"@type\":\"ReadAction\",\"target\":[\"https:\/\/lacteus.com.br\/v5\/2023\/08\/abraleite-pede-a-governo-medidas-estruturantes-para-frear-crise-do-setor-de-lacteos\/\"]}]},{\"@type\":\"BreadcrumbList\",\"@id\":\"https:\/\/lacteus.com.br\/v5\/2023\/08\/abraleite-pede-a-governo-medidas-estruturantes-para-frear-crise-do-setor-de-lacteos\/#breadcrumb\",\"itemListElement\":[{\"@type\":\"ListItem\",\"position\":1,\"name\":\"In\u00edcio\",\"item\":\"https:\/\/lacteus.com.br\/v5\/\"},{\"@type\":\"ListItem\",\"position\":2,\"name\":\"Abraleite pede a governo medidas estruturantes para frear crise do setor de l\u00e1cteos\"}]},{\"@type\":\"WebSite\",\"@id\":\"https:\/\/lacteus.com.br\/v5\/#website\",\"url\":\"https:\/\/lacteus.com.br\/v5\/\",\"name\":\"lacteus : Gest\u00e3o para Latic\u00ednios\",\"description\":\"\",\"publisher\":{\"@id\":\"https:\/\/lacteus.com.br\/v5\/#organization\"},\"potentialAction\":[{\"@type\":\"SearchAction\",\"target\":{\"@type\":\"EntryPoint\",\"urlTemplate\":\"https:\/\/lacteus.com.br\/v5\/?s={search_term_string}\"},\"query-input\":{\"@type\":\"PropertyValueSpecification\",\"valueRequired\":true,\"valueName\":\"search_term_string\"}}],\"inLanguage\":\"pt-BR\"},{\"@type\":\"Organization\",\"@id\":\"https:\/\/lacteus.com.br\/v5\/#organization\",\"name\":\"Lacteus Gest\u00e3o para Latic\u00ednios\",\"url\":\"https:\/\/lacteus.com.br\/v5\/\",\"logo\":{\"@type\":\"ImageObject\",\"inLanguage\":\"pt-BR\",\"@id\":\"https:\/\/lacteus.com.br\/v5\/#\/schema\/logo\/image\/\",\"url\":\"https:\/\/lacteus.com.br\/v5\/wp-content\/uploads\/2021\/07\/logo-H-100.png\",\"contentUrl\":\"https:\/\/lacteus.com.br\/v5\/wp-content\/uploads\/2021\/07\/logo-H-100.png\",\"width\":524,\"height\":100,\"caption\":\"Lacteus Gest\u00e3o para Latic\u00ednios\"},\"image\":{\"@id\":\"https:\/\/lacteus.com.br\/v5\/#\/schema\/logo\/image\/\"},\"sameAs\":[\"https:\/\/www.facebook.com\/lacteusbrasil\",\"https:\/\/x.com\/lacteusbrasil\",\"https:\/\/www.instagram.com\/lacteusbrasil\",\"https:\/\/www.linkedin.com\/company\/lacteusbrasil\",\"https:\/\/www.youtube.com\/lacteusbrasil\"]},{\"@type\":\"Person\",\"@id\":\"https:\/\/lacteus.com.br\/v5\/#\/schema\/person\/ddc73f97a34b201fe113dc1664f47663\",\"name\":\"Daniel Couri\",\"image\":{\"@type\":\"ImageObject\",\"inLanguage\":\"pt-BR\",\"@id\":\"https:\/\/lacteus.com.br\/v5\/#\/schema\/person\/image\/\",\"url\":\"https:\/\/secure.gravatar.com\/avatar\/f3d1b137704d5c421cfbaf597096ebfb?s=96&d=mm&r=g\",\"contentUrl\":\"https:\/\/secure.gravatar.com\/avatar\/f3d1b137704d5c421cfbaf597096ebfb?s=96&d=mm&r=g\",\"caption\":\"Daniel Couri\"},\"url\":\"https:\/\/lacteus.com.br\/v5\/author\/comunicacao\/\"}]}<\/script>\n<!-- \/ Yoast SEO plugin. -->","yoast_head_json":{"title":"Abraleite pede a governo medidas estruturantes para frear crise do setor de l\u00e1cteos | lacteus : Gest\u00e3o para Latic\u00ednios","robots":{"index":"index","follow":"follow","max-snippet":"max-snippet:-1","max-image-preview":"max-image-preview:large","max-video-preview":"max-video-preview:-1"},"canonical":"https:\/\/lacteus.com.br\/v5\/2023\/08\/abraleite-pede-a-governo-medidas-estruturantes-para-frear-crise-do-setor-de-lacteos\/","og_locale":"pt_BR","og_type":"article","og_title":"Abraleite pede a governo medidas estruturantes para frear crise do setor de l\u00e1cteos | lacteus : Gest\u00e3o para Latic\u00ednios","og_description":"A Associa\u00e7\u00e3o Brasileira dos Produtores de Leite (Abraleite) pediu ao governo medidas estruturantes de m\u00e9dio e longo prazo para a cadeia leiteira, em meio \u00e0 crise de baixos pre\u00e7os pagos ao produtor e ao aumento expressivo das importa\u00e7\u00f5es de l\u00e1cteos. O pleito foi levado pelo presidente da associa\u00e7\u00e3o, Geraldo Borges, ao ministro da Agricultura, Carlos [&hellip;]","og_url":"https:\/\/lacteus.com.br\/v5\/2023\/08\/abraleite-pede-a-governo-medidas-estruturantes-para-frear-crise-do-setor-de-lacteos\/","og_site_name":"lacteus : Gest\u00e3o para Latic\u00ednios","article_publisher":"https:\/\/www.facebook.com\/lacteusbrasil","article_published_time":"2023-08-30T14:28:56+00:00","article_modified_time":"2023-08-30T14:40:05+00:00","author":"Daniel Couri","twitter_card":"summary_large_image","twitter_creator":"@lacteusbrasil","twitter_site":"@lacteusbrasil","twitter_misc":{"Escrito por":"Daniel Couri","Est. tempo de leitura":"2 minutos"},"schema":{"@context":"https:\/\/schema.org","@graph":[{"@type":"Article","@id":"https:\/\/lacteus.com.br\/v5\/2023\/08\/abraleite-pede-a-governo-medidas-estruturantes-para-frear-crise-do-setor-de-lacteos\/#article","isPartOf":{"@id":"https:\/\/lacteus.com.br\/v5\/2023\/08\/abraleite-pede-a-governo-medidas-estruturantes-para-frear-crise-do-setor-de-lacteos\/"},"author":{"name":"Daniel Couri","@id":"https:\/\/lacteus.com.br\/v5\/#\/schema\/person\/ddc73f97a34b201fe113dc1664f47663"},"headline":"Abraleite pede a governo medidas estruturantes para frear crise do setor de l\u00e1cteos","datePublished":"2023-08-30T14:28:56+00:00","dateModified":"2023-08-30T14:40:05+00:00","mainEntityOfPage":{"@id":"https:\/\/lacteus.com.br\/v5\/2023\/08\/abraleite-pede-a-governo-medidas-estruturantes-para-frear-crise-do-setor-de-lacteos\/"},"wordCount":394,"commentCount":0,"publisher":{"@id":"https:\/\/lacteus.com.br\/v5\/#organization"},"articleSection":["Not\u00edcias"],"inLanguage":"pt-BR","potentialAction":[{"@type":"CommentAction","name":"Comment","target":["https:\/\/lacteus.com.br\/v5\/2023\/08\/abraleite-pede-a-governo-medidas-estruturantes-para-frear-crise-do-setor-de-lacteos\/#respond"]}]},{"@type":"WebPage","@id":"https:\/\/lacteus.com.br\/v5\/2023\/08\/abraleite-pede-a-governo-medidas-estruturantes-para-frear-crise-do-setor-de-lacteos\/","url":"https:\/\/lacteus.com.br\/v5\/2023\/08\/abraleite-pede-a-governo-medidas-estruturantes-para-frear-crise-do-setor-de-lacteos\/","name":"Abraleite pede a governo medidas estruturantes para frear crise do setor de l\u00e1cteos | lacteus : Gest\u00e3o para Latic\u00ednios","isPartOf":{"@id":"https:\/\/lacteus.com.br\/v5\/#website"},"datePublished":"2023-08-30T14:28:56+00:00","dateModified":"2023-08-30T14:40:05+00:00","breadcrumb":{"@id":"https:\/\/lacteus.com.br\/v5\/2023\/08\/abraleite-pede-a-governo-medidas-estruturantes-para-frear-crise-do-setor-de-lacteos\/#breadcrumb"},"inLanguage":"pt-BR","potentialAction":[{"@type":"ReadAction","target":["https:\/\/lacteus.com.br\/v5\/2023\/08\/abraleite-pede-a-governo-medidas-estruturantes-para-frear-crise-do-setor-de-lacteos\/"]}]},{"@type":"BreadcrumbList","@id":"https:\/\/lacteus.com.br\/v5\/2023\/08\/abraleite-pede-a-governo-medidas-estruturantes-para-frear-crise-do-setor-de-lacteos\/#breadcrumb","itemListElement":[{"@type":"ListItem","position":1,"name":"In\u00edcio","item":"https:\/\/lacteus.com.br\/v5\/"},{"@type":"ListItem","position":2,"name":"Abraleite pede a governo medidas estruturantes para frear crise do setor de l\u00e1cteos"}]},{"@type":"WebSite","@id":"https:\/\/lacteus.com.br\/v5\/#website","url":"https:\/\/lacteus.com.br\/v5\/","name":"lacteus : Gest\u00e3o para Latic\u00ednios","description":"","publisher":{"@id":"https:\/\/lacteus.com.br\/v5\/#organization"},"potentialAction":[{"@type":"SearchAction","target":{"@type":"EntryPoint","urlTemplate":"https:\/\/lacteus.com.br\/v5\/?s={search_term_string}"},"query-input":{"@type":"PropertyValueSpecification","valueRequired":true,"valueName":"search_term_string"}}],"inLanguage":"pt-BR"},{"@type":"Organization","@id":"https:\/\/lacteus.com.br\/v5\/#organization","name":"Lacteus Gest\u00e3o para Latic\u00ednios","url":"https:\/\/lacteus.com.br\/v5\/","logo":{"@type":"ImageObject","inLanguage":"pt-BR","@id":"https:\/\/lacteus.com.br\/v5\/#\/schema\/logo\/image\/","url":"https:\/\/lacteus.com.br\/v5\/wp-content\/uploads\/2021\/07\/logo-H-100.png","contentUrl":"https:\/\/lacteus.com.br\/v5\/wp-content\/uploads\/2021\/07\/logo-H-100.png","width":524,"height":100,"caption":"Lacteus Gest\u00e3o para Latic\u00ednios"},"image":{"@id":"https:\/\/lacteus.com.br\/v5\/#\/schema\/logo\/image\/"},"sameAs":["https:\/\/www.facebook.com\/lacteusbrasil","https:\/\/x.com\/lacteusbrasil","https:\/\/www.instagram.com\/lacteusbrasil","https:\/\/www.linkedin.com\/company\/lacteusbrasil","https:\/\/www.youtube.com\/lacteusbrasil"]},{"@type":"Person","@id":"https:\/\/lacteus.com.br\/v5\/#\/schema\/person\/ddc73f97a34b201fe113dc1664f47663","name":"Daniel Couri","image":{"@type":"ImageObject","inLanguage":"pt-BR","@id":"https:\/\/lacteus.com.br\/v5\/#\/schema\/person\/image\/","url":"https:\/\/secure.gravatar.com\/avatar\/f3d1b137704d5c421cfbaf597096ebfb?s=96&d=mm&r=g","contentUrl":"https:\/\/secure.gravatar.com\/avatar\/f3d1b137704d5c421cfbaf597096ebfb?s=96&d=mm&r=g","caption":"Daniel Couri"},"url":"https:\/\/lacteus.com.br\/v5\/author\/comunicacao\/"}]}},"_links":{"self":[{"href":"https:\/\/lacteus.com.br\/v5\/wp-json\/wp\/v2\/posts\/58347","targetHints":{"allow":["GET"]}}],"collection":[{"href":"https:\/\/lacteus.com.br\/v5\/wp-json\/wp\/v2\/posts"}],"about":[{"href":"https:\/\/lacteus.com.br\/v5\/wp-json\/wp\/v2\/types\/post"}],"author":[{"embeddable":true,"href":"https:\/\/lacteus.com.br\/v5\/wp-json\/wp\/v2\/users\/2"}],"replies":[{"embeddable":true,"href":"https:\/\/lacteus.com.br\/v5\/wp-json\/wp\/v2\/comments?post=58347"}],"version-history":[{"count":1,"href":"https:\/\/lacteus.com.br\/v5\/wp-json\/wp\/v2\/posts\/58347\/revisions"}],"predecessor-version":[{"id":58348,"href":"https:\/\/lacteus.com.br\/v5\/wp-json\/wp\/v2\/posts\/58347\/revisions\/58348"}],"wp:attachment":[{"href":"https:\/\/lacteus.com.br\/v5\/wp-json\/wp\/v2\/media?parent=58347"}],"wp:term":[{"taxonomy":"category","embeddable":true,"href":"https:\/\/lacteus.com.br\/v5\/wp-json\/wp\/v2\/categories?post=58347"},{"taxonomy":"post_tag","embeddable":true,"href":"https:\/\/lacteus.com.br\/v5\/wp-json\/wp\/v2\/tags?post=58347"}],"curies":[{"name":"wp","href":"https:\/\/api.w.org\/{rel}","templated":true}]}}