{"id":58344,"date":"2023-08-30T09:01:55","date_gmt":"2023-08-30T12:01:55","guid":{"rendered":"https:\/\/lacteus.com.br\/v5\/?p=58344"},"modified":"2023-08-30T09:01:56","modified_gmt":"2023-08-30T12:01:56","slug":"auditores-federais-reforcam-fiscalizacao-em-rotulos-de-lacteos-que-induzem-a-erro","status":"publish","type":"post","link":"https:\/\/lacteus.com.br\/v5\/2023\/08\/auditores-federais-reforcam-fiscalizacao-em-rotulos-de-lacteos-que-induzem-a-erro\/","title":{"rendered":"Auditores federais refor\u00e7am fiscaliza\u00e7\u00e3o em r\u00f3tulos de l\u00e1cteos que induzem a erro"},"content":{"rendered":"\n<p><\/p>\n\n\n\n<p><em>A nota da institui\u00e7\u00e3o informa que, segundo a lei 8.078\/1990, embalagens de produtos l\u00e1cteos que provoquem associa\u00e7\u00e3o com leite ou iogurtes quando, na verdade, n\u00e3o se tratam desses produtos, s\u00e3o consideradas enganosas<\/em><\/p>\n\n\n\n<div style=\"height:12px\" aria-hidden=\"true\" class=\"wp-block-spacer\"><\/div>\n\n\n\n<p>A partir da recomenda\u00e7\u00e3o do Minist\u00e9rio P\u00fablico Federal do Estado de Goi\u00e1s (MPF-GO), os auditores fiscais federais agropecu\u00e1rios refor\u00e7aram a fiscaliza\u00e7\u00e3o da rotulagem de produtos l\u00e1cteos no Pa\u00eds. A informa\u00e7\u00e3o, em nota, \u00e9 do Sindicato Nacional dos Auditores Fiscais Federais Agropecu\u00e1rios (Anffa Sindical).<\/p>\n\n\n\n<p>A nota da institui\u00e7\u00e3o informa que, segundo a lei 8.078\/1990, embalagens de produtos l\u00e1cteos que provoquem associa\u00e7\u00e3o com leite ou iogurtes quando, na verdade, n\u00e3o se tratam desses produtos, s\u00e3o consideradas enganosas por induzirem os consumidores ao erro na hora da compra, mesmo que haja correta identifica\u00e7\u00e3o de nome de venda.<\/p>\n\n\n\n<p>O Departamento de Inspe\u00e7\u00e3o de Produtos de Origem Animal (Dipoa) dever\u00e1 atualizar as normas que regulam esses produtos, para exigir que empresas indiquem nos r\u00f3tulos das embalagens, por exemplo, que \u201cbebida l\u00e1ctea n\u00e3o \u00e9 leite\u201d ou \u201cbebida l\u00e1ctea n\u00e3o \u00e9 iogurte\u201d. Essas indica\u00e7\u00f5es estar\u00e3o na atualiza\u00e7\u00e3o da Instru\u00e7\u00e3o Normativa n\u00ba 16, de 23 de agosto de 2005, do Minist\u00e9rio da Agricultura.<\/p>\n\n\n\n<p>De acordo com o Anffa Sindical, as reclama\u00e7\u00f5es de consumidores refor\u00e7aram a necessidade de alterar o regulamento e incluir alertas obrigat\u00f3rios nos r\u00f3tulos, para evitar confus\u00e3o na hora de selecionar o produto nas prateleiras dos estabelecimentos comerciais.<\/p>\n\n\n\n<p>A orienta\u00e7\u00e3o do Anffa \u00e9 que, caso o consumidor n\u00e3o localize a indica\u00e7\u00e3o do produto ou mesmo n\u00e3o entenda a informa\u00e7\u00e3o da embalagem, registre a imagem do r\u00f3tulo para abrir den\u00fancia nos canais do minist\u00e9rio, por meio da Ouvidoria.<\/p>\n\n\n\n<div style=\"height:22px\" aria-hidden=\"true\" class=\"wp-block-spacer\"><\/div>\n\n\n\n<p>Fonte: <a href=\"https:\/\/portaldbo.com.br\/auditores-federais-reforcam-fiscalizacao-em-rotulos-de-lacteos-que-induzem-a-erro\/\" target=\"_blank\" rel=\"noreferrer noopener\">Portal DBO<\/a><\/p>\n","protected":false},"excerpt":{"rendered":"<p>A nota da institui\u00e7\u00e3o informa que, segundo a lei 8.078\/1990, embalagens de produtos l\u00e1cteos que provoquem associa\u00e7\u00e3o com leite ou iogurtes quando, na verdade, n\u00e3o se tratam desses produtos, s\u00e3o consideradas enganosas A partir da recomenda\u00e7\u00e3o do Minist\u00e9rio P\u00fablico Federal do Estado de Goi\u00e1s (MPF-GO), os auditores fiscais federais agropecu\u00e1rios refor\u00e7aram a fiscaliza\u00e7\u00e3o da rotulagem [&hellip;]<\/p>\n","protected":false},"author":2,"featured_media":0,"comment_status":"open","ping_status":"open","sticky":false,"template":"","format":"standard","meta":{"footnotes":""},"categories":[525],"tags":[],"class_list":["post-58344","post","type-post","status-publish","format-standard","hentry","category-noticias"],"yoast_head":"<!-- This site is optimized with the Yoast SEO plugin v24.5 - https:\/\/yoast.com\/wordpress\/plugins\/seo\/ -->\n<title>Auditores federais refor\u00e7am fiscaliza\u00e7\u00e3o em r\u00f3tulos de l\u00e1cteos que induzem a erro | lacteus : Gest\u00e3o para Latic\u00ednios<\/title>\n<meta name=\"robots\" content=\"index, follow, max-snippet:-1, max-image-preview:large, max-video-preview:-1\" \/>\n<link rel=\"canonical\" href=\"https:\/\/lacteus.com.br\/v5\/2023\/08\/auditores-federais-reforcam-fiscalizacao-em-rotulos-de-lacteos-que-induzem-a-erro\/\" \/>\n<meta property=\"og:locale\" content=\"pt_BR\" \/>\n<meta property=\"og:type\" content=\"article\" \/>\n<meta property=\"og:title\" content=\"Auditores federais refor\u00e7am fiscaliza\u00e7\u00e3o em r\u00f3tulos de l\u00e1cteos que induzem a erro | lacteus : Gest\u00e3o para Latic\u00ednios\" \/>\n<meta property=\"og:description\" content=\"A nota da institui\u00e7\u00e3o informa que, segundo a lei 8.078\/1990, embalagens de produtos l\u00e1cteos que provoquem associa\u00e7\u00e3o com leite ou iogurtes quando, na verdade, n\u00e3o se tratam desses produtos, s\u00e3o consideradas enganosas A partir da recomenda\u00e7\u00e3o do Minist\u00e9rio P\u00fablico Federal do Estado de Goi\u00e1s (MPF-GO), os auditores fiscais federais agropecu\u00e1rios refor\u00e7aram a fiscaliza\u00e7\u00e3o da rotulagem [&hellip;]\" \/>\n<meta property=\"og:url\" content=\"https:\/\/lacteus.com.br\/v5\/2023\/08\/auditores-federais-reforcam-fiscalizacao-em-rotulos-de-lacteos-que-induzem-a-erro\/\" \/>\n<meta property=\"og:site_name\" content=\"lacteus : Gest\u00e3o para Latic\u00ednios\" \/>\n<meta property=\"article:publisher\" content=\"https:\/\/www.facebook.com\/lacteusbrasil\" \/>\n<meta property=\"article:published_time\" content=\"2023-08-30T12:01:55+00:00\" \/>\n<meta property=\"article:modified_time\" content=\"2023-08-30T12:01:56+00:00\" \/>\n<meta name=\"author\" content=\"Daniel Couri\" \/>\n<meta name=\"twitter:card\" content=\"summary_large_image\" \/>\n<meta name=\"twitter:creator\" content=\"@lacteusbrasil\" \/>\n<meta name=\"twitter:site\" content=\"@lacteusbrasil\" \/>\n<meta name=\"twitter:label1\" content=\"Escrito por\" \/>\n\t<meta name=\"twitter:data1\" content=\"Daniel Couri\" \/>\n\t<meta name=\"twitter:label2\" content=\"Est. tempo de leitura\" \/>\n\t<meta name=\"twitter:data2\" content=\"2 minutos\" \/>\n<script type=\"application\/ld+json\" class=\"yoast-schema-graph\">{\"@context\":\"https:\/\/schema.org\",\"@graph\":[{\"@type\":\"Article\",\"@id\":\"https:\/\/lacteus.com.br\/v5\/2023\/08\/auditores-federais-reforcam-fiscalizacao-em-rotulos-de-lacteos-que-induzem-a-erro\/#article\",\"isPartOf\":{\"@id\":\"https:\/\/lacteus.com.br\/v5\/2023\/08\/auditores-federais-reforcam-fiscalizacao-em-rotulos-de-lacteos-que-induzem-a-erro\/\"},\"author\":{\"name\":\"Daniel Couri\",\"@id\":\"https:\/\/lacteus.com.br\/v5\/#\/schema\/person\/ddc73f97a34b201fe113dc1664f47663\"},\"headline\":\"Auditores federais refor\u00e7am fiscaliza\u00e7\u00e3o em r\u00f3tulos de l\u00e1cteos que induzem a erro\",\"datePublished\":\"2023-08-30T12:01:55+00:00\",\"dateModified\":\"2023-08-30T12:01:56+00:00\",\"mainEntityOfPage\":{\"@id\":\"https:\/\/lacteus.com.br\/v5\/2023\/08\/auditores-federais-reforcam-fiscalizacao-em-rotulos-de-lacteos-que-induzem-a-erro\/\"},\"wordCount\":319,\"commentCount\":0,\"publisher\":{\"@id\":\"https:\/\/lacteus.com.br\/v5\/#organization\"},\"articleSection\":[\"Not\u00edcias\"],\"inLanguage\":\"pt-BR\",\"potentialAction\":[{\"@type\":\"CommentAction\",\"name\":\"Comment\",\"target\":[\"https:\/\/lacteus.com.br\/v5\/2023\/08\/auditores-federais-reforcam-fiscalizacao-em-rotulos-de-lacteos-que-induzem-a-erro\/#respond\"]}]},{\"@type\":\"WebPage\",\"@id\":\"https:\/\/lacteus.com.br\/v5\/2023\/08\/auditores-federais-reforcam-fiscalizacao-em-rotulos-de-lacteos-que-induzem-a-erro\/\",\"url\":\"https:\/\/lacteus.com.br\/v5\/2023\/08\/auditores-federais-reforcam-fiscalizacao-em-rotulos-de-lacteos-que-induzem-a-erro\/\",\"name\":\"Auditores federais refor\u00e7am fiscaliza\u00e7\u00e3o em r\u00f3tulos de l\u00e1cteos que induzem a erro | lacteus : Gest\u00e3o para Latic\u00ednios\",\"isPartOf\":{\"@id\":\"https:\/\/lacteus.com.br\/v5\/#website\"},\"datePublished\":\"2023-08-30T12:01:55+00:00\",\"dateModified\":\"2023-08-30T12:01:56+00:00\",\"breadcrumb\":{\"@id\":\"https:\/\/lacteus.com.br\/v5\/2023\/08\/auditores-federais-reforcam-fiscalizacao-em-rotulos-de-lacteos-que-induzem-a-erro\/#breadcrumb\"},\"inLanguage\":\"pt-BR\",\"potentialAction\":[{\"@type\":\"ReadAction\",\"target\":[\"https:\/\/lacteus.com.br\/v5\/2023\/08\/auditores-federais-reforcam-fiscalizacao-em-rotulos-de-lacteos-que-induzem-a-erro\/\"]}]},{\"@type\":\"BreadcrumbList\",\"@id\":\"https:\/\/lacteus.com.br\/v5\/2023\/08\/auditores-federais-reforcam-fiscalizacao-em-rotulos-de-lacteos-que-induzem-a-erro\/#breadcrumb\",\"itemListElement\":[{\"@type\":\"ListItem\",\"position\":1,\"name\":\"In\u00edcio\",\"item\":\"https:\/\/lacteus.com.br\/v5\/\"},{\"@type\":\"ListItem\",\"position\":2,\"name\":\"Auditores federais refor\u00e7am fiscaliza\u00e7\u00e3o em r\u00f3tulos de l\u00e1cteos que induzem a erro\"}]},{\"@type\":\"WebSite\",\"@id\":\"https:\/\/lacteus.com.br\/v5\/#website\",\"url\":\"https:\/\/lacteus.com.br\/v5\/\",\"name\":\"lacteus : Gest\u00e3o para Latic\u00ednios\",\"description\":\"\",\"publisher\":{\"@id\":\"https:\/\/lacteus.com.br\/v5\/#organization\"},\"potentialAction\":[{\"@type\":\"SearchAction\",\"target\":{\"@type\":\"EntryPoint\",\"urlTemplate\":\"https:\/\/lacteus.com.br\/v5\/?s={search_term_string}\"},\"query-input\":{\"@type\":\"PropertyValueSpecification\",\"valueRequired\":true,\"valueName\":\"search_term_string\"}}],\"inLanguage\":\"pt-BR\"},{\"@type\":\"Organization\",\"@id\":\"https:\/\/lacteus.com.br\/v5\/#organization\",\"name\":\"Lacteus Gest\u00e3o para Latic\u00ednios\",\"url\":\"https:\/\/lacteus.com.br\/v5\/\",\"logo\":{\"@type\":\"ImageObject\",\"inLanguage\":\"pt-BR\",\"@id\":\"https:\/\/lacteus.com.br\/v5\/#\/schema\/logo\/image\/\",\"url\":\"https:\/\/lacteus.com.br\/v5\/wp-content\/uploads\/2021\/07\/logo-H-100.png\",\"contentUrl\":\"https:\/\/lacteus.com.br\/v5\/wp-content\/uploads\/2021\/07\/logo-H-100.png\",\"width\":524,\"height\":100,\"caption\":\"Lacteus Gest\u00e3o para Latic\u00ednios\"},\"image\":{\"@id\":\"https:\/\/lacteus.com.br\/v5\/#\/schema\/logo\/image\/\"},\"sameAs\":[\"https:\/\/www.facebook.com\/lacteusbrasil\",\"https:\/\/x.com\/lacteusbrasil\",\"https:\/\/www.instagram.com\/lacteusbrasil\",\"https:\/\/www.linkedin.com\/company\/lacteusbrasil\",\"https:\/\/www.youtube.com\/lacteusbrasil\"]},{\"@type\":\"Person\",\"@id\":\"https:\/\/lacteus.com.br\/v5\/#\/schema\/person\/ddc73f97a34b201fe113dc1664f47663\",\"name\":\"Daniel Couri\",\"image\":{\"@type\":\"ImageObject\",\"inLanguage\":\"pt-BR\",\"@id\":\"https:\/\/lacteus.com.br\/v5\/#\/schema\/person\/image\/\",\"url\":\"https:\/\/secure.gravatar.com\/avatar\/f3d1b137704d5c421cfbaf597096ebfb?s=96&d=mm&r=g\",\"contentUrl\":\"https:\/\/secure.gravatar.com\/avatar\/f3d1b137704d5c421cfbaf597096ebfb?s=96&d=mm&r=g\",\"caption\":\"Daniel Couri\"},\"url\":\"https:\/\/lacteus.com.br\/v5\/author\/comunicacao\/\"}]}<\/script>\n<!-- \/ Yoast SEO plugin. -->","yoast_head_json":{"title":"Auditores federais refor\u00e7am fiscaliza\u00e7\u00e3o em r\u00f3tulos de l\u00e1cteos que induzem a erro | lacteus : Gest\u00e3o para Latic\u00ednios","robots":{"index":"index","follow":"follow","max-snippet":"max-snippet:-1","max-image-preview":"max-image-preview:large","max-video-preview":"max-video-preview:-1"},"canonical":"https:\/\/lacteus.com.br\/v5\/2023\/08\/auditores-federais-reforcam-fiscalizacao-em-rotulos-de-lacteos-que-induzem-a-erro\/","og_locale":"pt_BR","og_type":"article","og_title":"Auditores federais refor\u00e7am fiscaliza\u00e7\u00e3o em r\u00f3tulos de l\u00e1cteos que induzem a erro | lacteus : Gest\u00e3o para Latic\u00ednios","og_description":"A nota da institui\u00e7\u00e3o informa que, segundo a lei 8.078\/1990, embalagens de produtos l\u00e1cteos que provoquem associa\u00e7\u00e3o com leite ou iogurtes quando, na verdade, n\u00e3o se tratam desses produtos, s\u00e3o consideradas enganosas A partir da recomenda\u00e7\u00e3o do Minist\u00e9rio P\u00fablico Federal do Estado de Goi\u00e1s (MPF-GO), os auditores fiscais federais agropecu\u00e1rios refor\u00e7aram a fiscaliza\u00e7\u00e3o da rotulagem [&hellip;]","og_url":"https:\/\/lacteus.com.br\/v5\/2023\/08\/auditores-federais-reforcam-fiscalizacao-em-rotulos-de-lacteos-que-induzem-a-erro\/","og_site_name":"lacteus : Gest\u00e3o para Latic\u00ednios","article_publisher":"https:\/\/www.facebook.com\/lacteusbrasil","article_published_time":"2023-08-30T12:01:55+00:00","article_modified_time":"2023-08-30T12:01:56+00:00","author":"Daniel Couri","twitter_card":"summary_large_image","twitter_creator":"@lacteusbrasil","twitter_site":"@lacteusbrasil","twitter_misc":{"Escrito por":"Daniel Couri","Est. tempo de leitura":"2 minutos"},"schema":{"@context":"https:\/\/schema.org","@graph":[{"@type":"Article","@id":"https:\/\/lacteus.com.br\/v5\/2023\/08\/auditores-federais-reforcam-fiscalizacao-em-rotulos-de-lacteos-que-induzem-a-erro\/#article","isPartOf":{"@id":"https:\/\/lacteus.com.br\/v5\/2023\/08\/auditores-federais-reforcam-fiscalizacao-em-rotulos-de-lacteos-que-induzem-a-erro\/"},"author":{"name":"Daniel Couri","@id":"https:\/\/lacteus.com.br\/v5\/#\/schema\/person\/ddc73f97a34b201fe113dc1664f47663"},"headline":"Auditores federais refor\u00e7am fiscaliza\u00e7\u00e3o em r\u00f3tulos de l\u00e1cteos que induzem a erro","datePublished":"2023-08-30T12:01:55+00:00","dateModified":"2023-08-30T12:01:56+00:00","mainEntityOfPage":{"@id":"https:\/\/lacteus.com.br\/v5\/2023\/08\/auditores-federais-reforcam-fiscalizacao-em-rotulos-de-lacteos-que-induzem-a-erro\/"},"wordCount":319,"commentCount":0,"publisher":{"@id":"https:\/\/lacteus.com.br\/v5\/#organization"},"articleSection":["Not\u00edcias"],"inLanguage":"pt-BR","potentialAction":[{"@type":"CommentAction","name":"Comment","target":["https:\/\/lacteus.com.br\/v5\/2023\/08\/auditores-federais-reforcam-fiscalizacao-em-rotulos-de-lacteos-que-induzem-a-erro\/#respond"]}]},{"@type":"WebPage","@id":"https:\/\/lacteus.com.br\/v5\/2023\/08\/auditores-federais-reforcam-fiscalizacao-em-rotulos-de-lacteos-que-induzem-a-erro\/","url":"https:\/\/lacteus.com.br\/v5\/2023\/08\/auditores-federais-reforcam-fiscalizacao-em-rotulos-de-lacteos-que-induzem-a-erro\/","name":"Auditores federais refor\u00e7am fiscaliza\u00e7\u00e3o em r\u00f3tulos de l\u00e1cteos que induzem a erro | lacteus : Gest\u00e3o para Latic\u00ednios","isPartOf":{"@id":"https:\/\/lacteus.com.br\/v5\/#website"},"datePublished":"2023-08-30T12:01:55+00:00","dateModified":"2023-08-30T12:01:56+00:00","breadcrumb":{"@id":"https:\/\/lacteus.com.br\/v5\/2023\/08\/auditores-federais-reforcam-fiscalizacao-em-rotulos-de-lacteos-que-induzem-a-erro\/#breadcrumb"},"inLanguage":"pt-BR","potentialAction":[{"@type":"ReadAction","target":["https:\/\/lacteus.com.br\/v5\/2023\/08\/auditores-federais-reforcam-fiscalizacao-em-rotulos-de-lacteos-que-induzem-a-erro\/"]}]},{"@type":"BreadcrumbList","@id":"https:\/\/lacteus.com.br\/v5\/2023\/08\/auditores-federais-reforcam-fiscalizacao-em-rotulos-de-lacteos-que-induzem-a-erro\/#breadcrumb","itemListElement":[{"@type":"ListItem","position":1,"name":"In\u00edcio","item":"https:\/\/lacteus.com.br\/v5\/"},{"@type":"ListItem","position":2,"name":"Auditores federais refor\u00e7am fiscaliza\u00e7\u00e3o em r\u00f3tulos de l\u00e1cteos que induzem a erro"}]},{"@type":"WebSite","@id":"https:\/\/lacteus.com.br\/v5\/#website","url":"https:\/\/lacteus.com.br\/v5\/","name":"lacteus : Gest\u00e3o para Latic\u00ednios","description":"","publisher":{"@id":"https:\/\/lacteus.com.br\/v5\/#organization"},"potentialAction":[{"@type":"SearchAction","target":{"@type":"EntryPoint","urlTemplate":"https:\/\/lacteus.com.br\/v5\/?s={search_term_string}"},"query-input":{"@type":"PropertyValueSpecification","valueRequired":true,"valueName":"search_term_string"}}],"inLanguage":"pt-BR"},{"@type":"Organization","@id":"https:\/\/lacteus.com.br\/v5\/#organization","name":"Lacteus Gest\u00e3o para Latic\u00ednios","url":"https:\/\/lacteus.com.br\/v5\/","logo":{"@type":"ImageObject","inLanguage":"pt-BR","@id":"https:\/\/lacteus.com.br\/v5\/#\/schema\/logo\/image\/","url":"https:\/\/lacteus.com.br\/v5\/wp-content\/uploads\/2021\/07\/logo-H-100.png","contentUrl":"https:\/\/lacteus.com.br\/v5\/wp-content\/uploads\/2021\/07\/logo-H-100.png","width":524,"height":100,"caption":"Lacteus Gest\u00e3o para Latic\u00ednios"},"image":{"@id":"https:\/\/lacteus.com.br\/v5\/#\/schema\/logo\/image\/"},"sameAs":["https:\/\/www.facebook.com\/lacteusbrasil","https:\/\/x.com\/lacteusbrasil","https:\/\/www.instagram.com\/lacteusbrasil","https:\/\/www.linkedin.com\/company\/lacteusbrasil","https:\/\/www.youtube.com\/lacteusbrasil"]},{"@type":"Person","@id":"https:\/\/lacteus.com.br\/v5\/#\/schema\/person\/ddc73f97a34b201fe113dc1664f47663","name":"Daniel Couri","image":{"@type":"ImageObject","inLanguage":"pt-BR","@id":"https:\/\/lacteus.com.br\/v5\/#\/schema\/person\/image\/","url":"https:\/\/secure.gravatar.com\/avatar\/f3d1b137704d5c421cfbaf597096ebfb?s=96&d=mm&r=g","contentUrl":"https:\/\/secure.gravatar.com\/avatar\/f3d1b137704d5c421cfbaf597096ebfb?s=96&d=mm&r=g","caption":"Daniel Couri"},"url":"https:\/\/lacteus.com.br\/v5\/author\/comunicacao\/"}]}},"_links":{"self":[{"href":"https:\/\/lacteus.com.br\/v5\/wp-json\/wp\/v2\/posts\/58344","targetHints":{"allow":["GET"]}}],"collection":[{"href":"https:\/\/lacteus.com.br\/v5\/wp-json\/wp\/v2\/posts"}],"about":[{"href":"https:\/\/lacteus.com.br\/v5\/wp-json\/wp\/v2\/types\/post"}],"author":[{"embeddable":true,"href":"https:\/\/lacteus.com.br\/v5\/wp-json\/wp\/v2\/users\/2"}],"replies":[{"embeddable":true,"href":"https:\/\/lacteus.com.br\/v5\/wp-json\/wp\/v2\/comments?post=58344"}],"version-history":[{"count":1,"href":"https:\/\/lacteus.com.br\/v5\/wp-json\/wp\/v2\/posts\/58344\/revisions"}],"predecessor-version":[{"id":58345,"href":"https:\/\/lacteus.com.br\/v5\/wp-json\/wp\/v2\/posts\/58344\/revisions\/58345"}],"wp:attachment":[{"href":"https:\/\/lacteus.com.br\/v5\/wp-json\/wp\/v2\/media?parent=58344"}],"wp:term":[{"taxonomy":"category","embeddable":true,"href":"https:\/\/lacteus.com.br\/v5\/wp-json\/wp\/v2\/categories?post=58344"},{"taxonomy":"post_tag","embeddable":true,"href":"https:\/\/lacteus.com.br\/v5\/wp-json\/wp\/v2\/tags?post=58344"}],"curies":[{"name":"wp","href":"https:\/\/api.w.org\/{rel}","templated":true}]}}