{"id":58342,"date":"2023-08-30T08:35:50","date_gmt":"2023-08-30T11:35:50","guid":{"rendered":"https:\/\/lacteus.com.br\/v5\/?p=58342"},"modified":"2023-08-30T08:35:52","modified_gmt":"2023-08-30T11:35:52","slug":"industrias-de-leite-cobram-acoes-do-governo-para-evitar-colapso","status":"publish","type":"post","link":"https:\/\/lacteus.com.br\/v5\/2023\/08\/industrias-de-leite-cobram-acoes-do-governo-para-evitar-colapso\/","title":{"rendered":"Ind\u00fastrias de leite cobram a\u00e7\u00f5es do governo para evitar colapso"},"content":{"rendered":"\n<p><\/p>\n\n\n\n<p>Em encontro realizado nesta ter\u00e7a-feira (29\/08), durante a 46\u00aa Expointer, em Esteio (RS), dirigentes do Sindicato da Ind\u00fastria de Latic\u00ednios do RS (Sindilat\/RS) demonstraram preocupa\u00e7\u00e3o com as condi\u00e7\u00f5es desiguais de competi\u00e7\u00e3o do leite brasileiro com o produto vindo dos pa\u00edses do Mercosul, e cobraram medidas mais firmes do governo brasileiro para evitar o colapso do setor leiteiro no pa\u00eds.<\/p>\n\n\n\n<p>Segundo o Centro de Estudos Avan\u00e7ados em Economia Aplicada (Cepea-Esalq\/USP), as importa\u00e7\u00f5es brasileiras de l\u00e1cteos aumentaram 148% entre junho de 2022 e junho de 2023.<\/p>\n\n\n\n<p>Em rela\u00e7\u00e3o ao leite em p\u00f3, as compras externas aumentaram ainda mais: 234,11% no per\u00edodo, sendo os principais fornecedores o Uruguai, a Argentina e o Paraguai.<\/p>\n\n\n\n<p>No primeiro semestre de 2023, as importa\u00e7\u00f5es somaram mais de 1,09 bilh\u00e3o de litros em equivalente leite, quase tr\u00eas vezes acima do volume registrado no mesmo per\u00edodo do ano passado.<\/p>\n\n\n\n<p>\u201cIsso tudo cria uma press\u00e3o de mercado, com as ind\u00fastrias tendo que baixar pre\u00e7os para conseguir competir e n\u00e3o podendo remunerar a mais o produtor. Se essa situa\u00e7\u00e3o continuar, muitos v\u00e3o abandonar a atividade\u201d, afirmou o vice-presidente do Sindilat\/RS, Alexandre Guerra.<\/p>\n\n\n\n<p>\u00c2ngelo Paulo Sartor, diretor-tesoureiro do Sindicato, refor\u00e7ou que a entidade aguarda retorno quanto \u00e0s pautas apresentadas ao governo para diminuir o preju\u00edzo causado \u00e0 ind\u00fastria pela entrada de produtos estrangeiros.<\/p>\n\n\n\n<p>\u201cElas incluem altera\u00e7\u00f5es em al\u00edquotas de Pis\/Cofins, iniciativas de apoio ao escoamento da produ\u00e7\u00e3o atrav\u00e9s de modifica\u00e7\u00e3o na legisla\u00e7\u00e3o do Pr\u00eamio para Escoamento do Produto (PEP) e o refinanciamento, atrav\u00e9s de linhas de cr\u00e9ditos, das d\u00edvidas de produtores de leite e ind\u00fastrias de latic\u00ednios por um prazo de 13 anos\u201d, destaca.<\/p>\n\n\n\n<p>Para enfrentar o desafio de proteger o mercado l\u00e1cteo nacional e ga\u00facho, o Sindilat\/RS est\u00e1 investindo em forma\u00e7\u00e3o. No evento, foi confirmada a abertura da oferta de 40 vagas do m\u00f3dulo para laboratoristas dentro do Programa de Forma\u00e7\u00e3o em Qualidade do Leite.<\/p>\n\n\n\n<p>A forma\u00e7\u00e3o ser\u00e1 oferecida pelo sindicato em parceria com a Prefeitura de Estrela (RS) e a universidade Univates. A iniciativa \u00e9 voltada para profissionais das ind\u00fastrias e agroind\u00fastrias e contar\u00e1 com 12 horas\/aula, presenciais e on-line.<\/p>\n\n\n\n<p>Na mesma linha, o Sindicato encabe\u00e7a a mobiliza\u00e7\u00e3o pelo estabelecimento da 1\u00aa Escola T\u00e9cnica Laticinista do Rio Grande do Sul, tamb\u00e9m em parceria com a prefeitura de Estrela, no Vale do Taquari.<\/p>\n\n\n\n<div style=\"height:20px\" aria-hidden=\"true\" class=\"wp-block-spacer\"><\/div>\n\n\n\n<p>Fonte: <a href=\"https:\/\/globorural.globo.com\/pecuaria\/leite\/noticia\/2023\/08\/industrias-de-leite-cobram-acoes-do-governo-para-evitar-colapso.ghtml\" target=\"_blank\" rel=\"noreferrer noopener\">Globo Rural<\/a> \/ Por Marcelo Beledeli.<\/p>\n","protected":false},"excerpt":{"rendered":"<p>Em encontro realizado nesta ter\u00e7a-feira (29\/08), durante a 46\u00aa Expointer, em Esteio (RS), dirigentes do Sindicato da Ind\u00fastria de Latic\u00ednios do RS (Sindilat\/RS) demonstraram preocupa\u00e7\u00e3o com as condi\u00e7\u00f5es desiguais de competi\u00e7\u00e3o do leite brasileiro com o produto vindo dos pa\u00edses do Mercosul, e cobraram medidas mais firmes do governo brasileiro para evitar o colapso do [&hellip;]<\/p>\n","protected":false},"author":2,"featured_media":0,"comment_status":"open","ping_status":"open","sticky":false,"template":"","format":"standard","meta":{"footnotes":""},"categories":[525],"tags":[],"class_list":["post-58342","post","type-post","status-publish","format-standard","hentry","category-noticias"],"yoast_head":"<!-- This site is optimized with the Yoast SEO plugin v24.5 - https:\/\/yoast.com\/wordpress\/plugins\/seo\/ -->\n<title>Ind\u00fastrias de leite cobram a\u00e7\u00f5es do governo para evitar colapso | lacteus : Gest\u00e3o para Latic\u00ednios<\/title>\n<meta name=\"robots\" content=\"index, follow, max-snippet:-1, max-image-preview:large, max-video-preview:-1\" \/>\n<link rel=\"canonical\" href=\"https:\/\/lacteus.com.br\/v5\/2023\/08\/industrias-de-leite-cobram-acoes-do-governo-para-evitar-colapso\/\" \/>\n<meta property=\"og:locale\" content=\"pt_BR\" \/>\n<meta property=\"og:type\" content=\"article\" \/>\n<meta property=\"og:title\" content=\"Ind\u00fastrias de leite cobram a\u00e7\u00f5es do governo para evitar colapso | lacteus : Gest\u00e3o para Latic\u00ednios\" \/>\n<meta property=\"og:description\" content=\"Em encontro realizado nesta ter\u00e7a-feira (29\/08), durante a 46\u00aa Expointer, em Esteio (RS), dirigentes do Sindicato da Ind\u00fastria de Latic\u00ednios do RS (Sindilat\/RS) demonstraram preocupa\u00e7\u00e3o com as condi\u00e7\u00f5es desiguais de competi\u00e7\u00e3o do leite brasileiro com o produto vindo dos pa\u00edses do Mercosul, e cobraram medidas mais firmes do governo brasileiro para evitar o colapso do [&hellip;]\" \/>\n<meta property=\"og:url\" content=\"https:\/\/lacteus.com.br\/v5\/2023\/08\/industrias-de-leite-cobram-acoes-do-governo-para-evitar-colapso\/\" \/>\n<meta property=\"og:site_name\" content=\"lacteus : Gest\u00e3o para Latic\u00ednios\" \/>\n<meta property=\"article:publisher\" content=\"https:\/\/www.facebook.com\/lacteusbrasil\" \/>\n<meta property=\"article:published_time\" content=\"2023-08-30T11:35:50+00:00\" \/>\n<meta property=\"article:modified_time\" content=\"2023-08-30T11:35:52+00:00\" \/>\n<meta name=\"author\" content=\"Daniel Couri\" \/>\n<meta name=\"twitter:card\" content=\"summary_large_image\" \/>\n<meta name=\"twitter:creator\" content=\"@lacteusbrasil\" \/>\n<meta name=\"twitter:site\" content=\"@lacteusbrasil\" \/>\n<meta name=\"twitter:label1\" content=\"Escrito por\" \/>\n\t<meta name=\"twitter:data1\" content=\"Daniel Couri\" \/>\n\t<meta name=\"twitter:label2\" content=\"Est. tempo de leitura\" \/>\n\t<meta name=\"twitter:data2\" content=\"2 minutos\" \/>\n<script type=\"application\/ld+json\" class=\"yoast-schema-graph\">{\"@context\":\"https:\/\/schema.org\",\"@graph\":[{\"@type\":\"Article\",\"@id\":\"https:\/\/lacteus.com.br\/v5\/2023\/08\/industrias-de-leite-cobram-acoes-do-governo-para-evitar-colapso\/#article\",\"isPartOf\":{\"@id\":\"https:\/\/lacteus.com.br\/v5\/2023\/08\/industrias-de-leite-cobram-acoes-do-governo-para-evitar-colapso\/\"},\"author\":{\"name\":\"Daniel Couri\",\"@id\":\"https:\/\/lacteus.com.br\/v5\/#\/schema\/person\/ddc73f97a34b201fe113dc1664f47663\"},\"headline\":\"Ind\u00fastrias de leite cobram a\u00e7\u00f5es do governo para evitar colapso\",\"datePublished\":\"2023-08-30T11:35:50+00:00\",\"dateModified\":\"2023-08-30T11:35:52+00:00\",\"mainEntityOfPage\":{\"@id\":\"https:\/\/lacteus.com.br\/v5\/2023\/08\/industrias-de-leite-cobram-acoes-do-governo-para-evitar-colapso\/\"},\"wordCount\":432,\"commentCount\":0,\"publisher\":{\"@id\":\"https:\/\/lacteus.com.br\/v5\/#organization\"},\"articleSection\":[\"Not\u00edcias\"],\"inLanguage\":\"pt-BR\",\"potentialAction\":[{\"@type\":\"CommentAction\",\"name\":\"Comment\",\"target\":[\"https:\/\/lacteus.com.br\/v5\/2023\/08\/industrias-de-leite-cobram-acoes-do-governo-para-evitar-colapso\/#respond\"]}]},{\"@type\":\"WebPage\",\"@id\":\"https:\/\/lacteus.com.br\/v5\/2023\/08\/industrias-de-leite-cobram-acoes-do-governo-para-evitar-colapso\/\",\"url\":\"https:\/\/lacteus.com.br\/v5\/2023\/08\/industrias-de-leite-cobram-acoes-do-governo-para-evitar-colapso\/\",\"name\":\"Ind\u00fastrias de leite cobram a\u00e7\u00f5es do governo para evitar colapso | lacteus : Gest\u00e3o para Latic\u00ednios\",\"isPartOf\":{\"@id\":\"https:\/\/lacteus.com.br\/v5\/#website\"},\"datePublished\":\"2023-08-30T11:35:50+00:00\",\"dateModified\":\"2023-08-30T11:35:52+00:00\",\"breadcrumb\":{\"@id\":\"https:\/\/lacteus.com.br\/v5\/2023\/08\/industrias-de-leite-cobram-acoes-do-governo-para-evitar-colapso\/#breadcrumb\"},\"inLanguage\":\"pt-BR\",\"potentialAction\":[{\"@type\":\"ReadAction\",\"target\":[\"https:\/\/lacteus.com.br\/v5\/2023\/08\/industrias-de-leite-cobram-acoes-do-governo-para-evitar-colapso\/\"]}]},{\"@type\":\"BreadcrumbList\",\"@id\":\"https:\/\/lacteus.com.br\/v5\/2023\/08\/industrias-de-leite-cobram-acoes-do-governo-para-evitar-colapso\/#breadcrumb\",\"itemListElement\":[{\"@type\":\"ListItem\",\"position\":1,\"name\":\"In\u00edcio\",\"item\":\"https:\/\/lacteus.com.br\/v5\/\"},{\"@type\":\"ListItem\",\"position\":2,\"name\":\"Ind\u00fastrias de leite cobram a\u00e7\u00f5es do governo para evitar colapso\"}]},{\"@type\":\"WebSite\",\"@id\":\"https:\/\/lacteus.com.br\/v5\/#website\",\"url\":\"https:\/\/lacteus.com.br\/v5\/\",\"name\":\"lacteus : Gest\u00e3o para Latic\u00ednios\",\"description\":\"\",\"publisher\":{\"@id\":\"https:\/\/lacteus.com.br\/v5\/#organization\"},\"potentialAction\":[{\"@type\":\"SearchAction\",\"target\":{\"@type\":\"EntryPoint\",\"urlTemplate\":\"https:\/\/lacteus.com.br\/v5\/?s={search_term_string}\"},\"query-input\":{\"@type\":\"PropertyValueSpecification\",\"valueRequired\":true,\"valueName\":\"search_term_string\"}}],\"inLanguage\":\"pt-BR\"},{\"@type\":\"Organization\",\"@id\":\"https:\/\/lacteus.com.br\/v5\/#organization\",\"name\":\"Lacteus Gest\u00e3o para Latic\u00ednios\",\"url\":\"https:\/\/lacteus.com.br\/v5\/\",\"logo\":{\"@type\":\"ImageObject\",\"inLanguage\":\"pt-BR\",\"@id\":\"https:\/\/lacteus.com.br\/v5\/#\/schema\/logo\/image\/\",\"url\":\"https:\/\/lacteus.com.br\/v5\/wp-content\/uploads\/2021\/07\/logo-H-100.png\",\"contentUrl\":\"https:\/\/lacteus.com.br\/v5\/wp-content\/uploads\/2021\/07\/logo-H-100.png\",\"width\":524,\"height\":100,\"caption\":\"Lacteus Gest\u00e3o para Latic\u00ednios\"},\"image\":{\"@id\":\"https:\/\/lacteus.com.br\/v5\/#\/schema\/logo\/image\/\"},\"sameAs\":[\"https:\/\/www.facebook.com\/lacteusbrasil\",\"https:\/\/x.com\/lacteusbrasil\",\"https:\/\/www.instagram.com\/lacteusbrasil\",\"https:\/\/www.linkedin.com\/company\/lacteusbrasil\",\"https:\/\/www.youtube.com\/lacteusbrasil\"]},{\"@type\":\"Person\",\"@id\":\"https:\/\/lacteus.com.br\/v5\/#\/schema\/person\/ddc73f97a34b201fe113dc1664f47663\",\"name\":\"Daniel Couri\",\"image\":{\"@type\":\"ImageObject\",\"inLanguage\":\"pt-BR\",\"@id\":\"https:\/\/lacteus.com.br\/v5\/#\/schema\/person\/image\/\",\"url\":\"https:\/\/secure.gravatar.com\/avatar\/f3d1b137704d5c421cfbaf597096ebfb?s=96&d=mm&r=g\",\"contentUrl\":\"https:\/\/secure.gravatar.com\/avatar\/f3d1b137704d5c421cfbaf597096ebfb?s=96&d=mm&r=g\",\"caption\":\"Daniel Couri\"},\"url\":\"https:\/\/lacteus.com.br\/v5\/author\/comunicacao\/\"}]}<\/script>\n<!-- \/ Yoast SEO plugin. -->","yoast_head_json":{"title":"Ind\u00fastrias de leite cobram a\u00e7\u00f5es do governo para evitar colapso | lacteus : Gest\u00e3o para Latic\u00ednios","robots":{"index":"index","follow":"follow","max-snippet":"max-snippet:-1","max-image-preview":"max-image-preview:large","max-video-preview":"max-video-preview:-1"},"canonical":"https:\/\/lacteus.com.br\/v5\/2023\/08\/industrias-de-leite-cobram-acoes-do-governo-para-evitar-colapso\/","og_locale":"pt_BR","og_type":"article","og_title":"Ind\u00fastrias de leite cobram a\u00e7\u00f5es do governo para evitar colapso | lacteus : Gest\u00e3o para Latic\u00ednios","og_description":"Em encontro realizado nesta ter\u00e7a-feira (29\/08), durante a 46\u00aa Expointer, em Esteio (RS), dirigentes do Sindicato da Ind\u00fastria de Latic\u00ednios do RS (Sindilat\/RS) demonstraram preocupa\u00e7\u00e3o com as condi\u00e7\u00f5es desiguais de competi\u00e7\u00e3o do leite brasileiro com o produto vindo dos pa\u00edses do Mercosul, e cobraram medidas mais firmes do governo brasileiro para evitar o colapso do [&hellip;]","og_url":"https:\/\/lacteus.com.br\/v5\/2023\/08\/industrias-de-leite-cobram-acoes-do-governo-para-evitar-colapso\/","og_site_name":"lacteus : Gest\u00e3o para Latic\u00ednios","article_publisher":"https:\/\/www.facebook.com\/lacteusbrasil","article_published_time":"2023-08-30T11:35:50+00:00","article_modified_time":"2023-08-30T11:35:52+00:00","author":"Daniel Couri","twitter_card":"summary_large_image","twitter_creator":"@lacteusbrasil","twitter_site":"@lacteusbrasil","twitter_misc":{"Escrito por":"Daniel Couri","Est. tempo de leitura":"2 minutos"},"schema":{"@context":"https:\/\/schema.org","@graph":[{"@type":"Article","@id":"https:\/\/lacteus.com.br\/v5\/2023\/08\/industrias-de-leite-cobram-acoes-do-governo-para-evitar-colapso\/#article","isPartOf":{"@id":"https:\/\/lacteus.com.br\/v5\/2023\/08\/industrias-de-leite-cobram-acoes-do-governo-para-evitar-colapso\/"},"author":{"name":"Daniel Couri","@id":"https:\/\/lacteus.com.br\/v5\/#\/schema\/person\/ddc73f97a34b201fe113dc1664f47663"},"headline":"Ind\u00fastrias de leite cobram a\u00e7\u00f5es do governo para evitar colapso","datePublished":"2023-08-30T11:35:50+00:00","dateModified":"2023-08-30T11:35:52+00:00","mainEntityOfPage":{"@id":"https:\/\/lacteus.com.br\/v5\/2023\/08\/industrias-de-leite-cobram-acoes-do-governo-para-evitar-colapso\/"},"wordCount":432,"commentCount":0,"publisher":{"@id":"https:\/\/lacteus.com.br\/v5\/#organization"},"articleSection":["Not\u00edcias"],"inLanguage":"pt-BR","potentialAction":[{"@type":"CommentAction","name":"Comment","target":["https:\/\/lacteus.com.br\/v5\/2023\/08\/industrias-de-leite-cobram-acoes-do-governo-para-evitar-colapso\/#respond"]}]},{"@type":"WebPage","@id":"https:\/\/lacteus.com.br\/v5\/2023\/08\/industrias-de-leite-cobram-acoes-do-governo-para-evitar-colapso\/","url":"https:\/\/lacteus.com.br\/v5\/2023\/08\/industrias-de-leite-cobram-acoes-do-governo-para-evitar-colapso\/","name":"Ind\u00fastrias de leite cobram a\u00e7\u00f5es do governo para evitar colapso | lacteus : Gest\u00e3o para Latic\u00ednios","isPartOf":{"@id":"https:\/\/lacteus.com.br\/v5\/#website"},"datePublished":"2023-08-30T11:35:50+00:00","dateModified":"2023-08-30T11:35:52+00:00","breadcrumb":{"@id":"https:\/\/lacteus.com.br\/v5\/2023\/08\/industrias-de-leite-cobram-acoes-do-governo-para-evitar-colapso\/#breadcrumb"},"inLanguage":"pt-BR","potentialAction":[{"@type":"ReadAction","target":["https:\/\/lacteus.com.br\/v5\/2023\/08\/industrias-de-leite-cobram-acoes-do-governo-para-evitar-colapso\/"]}]},{"@type":"BreadcrumbList","@id":"https:\/\/lacteus.com.br\/v5\/2023\/08\/industrias-de-leite-cobram-acoes-do-governo-para-evitar-colapso\/#breadcrumb","itemListElement":[{"@type":"ListItem","position":1,"name":"In\u00edcio","item":"https:\/\/lacteus.com.br\/v5\/"},{"@type":"ListItem","position":2,"name":"Ind\u00fastrias de leite cobram a\u00e7\u00f5es do governo para evitar colapso"}]},{"@type":"WebSite","@id":"https:\/\/lacteus.com.br\/v5\/#website","url":"https:\/\/lacteus.com.br\/v5\/","name":"lacteus : Gest\u00e3o para Latic\u00ednios","description":"","publisher":{"@id":"https:\/\/lacteus.com.br\/v5\/#organization"},"potentialAction":[{"@type":"SearchAction","target":{"@type":"EntryPoint","urlTemplate":"https:\/\/lacteus.com.br\/v5\/?s={search_term_string}"},"query-input":{"@type":"PropertyValueSpecification","valueRequired":true,"valueName":"search_term_string"}}],"inLanguage":"pt-BR"},{"@type":"Organization","@id":"https:\/\/lacteus.com.br\/v5\/#organization","name":"Lacteus Gest\u00e3o para Latic\u00ednios","url":"https:\/\/lacteus.com.br\/v5\/","logo":{"@type":"ImageObject","inLanguage":"pt-BR","@id":"https:\/\/lacteus.com.br\/v5\/#\/schema\/logo\/image\/","url":"https:\/\/lacteus.com.br\/v5\/wp-content\/uploads\/2021\/07\/logo-H-100.png","contentUrl":"https:\/\/lacteus.com.br\/v5\/wp-content\/uploads\/2021\/07\/logo-H-100.png","width":524,"height":100,"caption":"Lacteus Gest\u00e3o para Latic\u00ednios"},"image":{"@id":"https:\/\/lacteus.com.br\/v5\/#\/schema\/logo\/image\/"},"sameAs":["https:\/\/www.facebook.com\/lacteusbrasil","https:\/\/x.com\/lacteusbrasil","https:\/\/www.instagram.com\/lacteusbrasil","https:\/\/www.linkedin.com\/company\/lacteusbrasil","https:\/\/www.youtube.com\/lacteusbrasil"]},{"@type":"Person","@id":"https:\/\/lacteus.com.br\/v5\/#\/schema\/person\/ddc73f97a34b201fe113dc1664f47663","name":"Daniel Couri","image":{"@type":"ImageObject","inLanguage":"pt-BR","@id":"https:\/\/lacteus.com.br\/v5\/#\/schema\/person\/image\/","url":"https:\/\/secure.gravatar.com\/avatar\/f3d1b137704d5c421cfbaf597096ebfb?s=96&d=mm&r=g","contentUrl":"https:\/\/secure.gravatar.com\/avatar\/f3d1b137704d5c421cfbaf597096ebfb?s=96&d=mm&r=g","caption":"Daniel Couri"},"url":"https:\/\/lacteus.com.br\/v5\/author\/comunicacao\/"}]}},"_links":{"self":[{"href":"https:\/\/lacteus.com.br\/v5\/wp-json\/wp\/v2\/posts\/58342","targetHints":{"allow":["GET"]}}],"collection":[{"href":"https:\/\/lacteus.com.br\/v5\/wp-json\/wp\/v2\/posts"}],"about":[{"href":"https:\/\/lacteus.com.br\/v5\/wp-json\/wp\/v2\/types\/post"}],"author":[{"embeddable":true,"href":"https:\/\/lacteus.com.br\/v5\/wp-json\/wp\/v2\/users\/2"}],"replies":[{"embeddable":true,"href":"https:\/\/lacteus.com.br\/v5\/wp-json\/wp\/v2\/comments?post=58342"}],"version-history":[{"count":1,"href":"https:\/\/lacteus.com.br\/v5\/wp-json\/wp\/v2\/posts\/58342\/revisions"}],"predecessor-version":[{"id":58343,"href":"https:\/\/lacteus.com.br\/v5\/wp-json\/wp\/v2\/posts\/58342\/revisions\/58343"}],"wp:attachment":[{"href":"https:\/\/lacteus.com.br\/v5\/wp-json\/wp\/v2\/media?parent=58342"}],"wp:term":[{"taxonomy":"category","embeddable":true,"href":"https:\/\/lacteus.com.br\/v5\/wp-json\/wp\/v2\/categories?post=58342"},{"taxonomy":"post_tag","embeddable":true,"href":"https:\/\/lacteus.com.br\/v5\/wp-json\/wp\/v2\/tags?post=58342"}],"curies":[{"name":"wp","href":"https:\/\/api.w.org\/{rel}","templated":true}]}}