{"id":58338,"date":"2023-08-29T15:45:27","date_gmt":"2023-08-29T18:45:27","guid":{"rendered":"https:\/\/lacteus.com.br\/v5\/?p=58338"},"modified":"2023-08-29T15:45:29","modified_gmt":"2023-08-29T18:45:29","slug":"imea-apresenta-dados-da-pesquisa-diagnostico-da-cadeia-leiteira-em-mato-grosso","status":"publish","type":"post","link":"https:\/\/lacteus.com.br\/v5\/2023\/08\/imea-apresenta-dados-da-pesquisa-diagnostico-da-cadeia-leiteira-em-mato-grosso\/","title":{"rendered":"Imea apresenta dados da pesquisa \u2018Diagn\u00f3stico da Cadeia Leiteira em Mato Grosso\u2019"},"content":{"rendered":"\n<p><\/p>\n\n\n\n<p>O Instituto Mato-grossense de Economia Agropecu\u00e1ria (Imea) apresentou, no m\u00eas passado, os resultados da pesquisa \u201cDiagn\u00f3stico da Cadeia Leiteira em Mato Grosso\u201d.<\/p>\n\n\n\n<p>Os dados apresentados pelo Imea s\u00e3o relacionados ao perfil do produtor, da propriedade, produ\u00e7\u00e3o leiteira, m\u00e3o de obra, manejo, custo de produ\u00e7\u00e3o precifica\u00e7\u00e3o, bonifica\u00e7\u00e3o, qualidade do leite, entraves na cadeia leiteira, panorama da produ\u00e7\u00e3o de leite nos \u00faltimos anos, dentre outros.<\/p>\n\n\n\n<p>O estudo se deu por meio de pesquisa explorat\u00f3ria e descritiva, tendo a coleta de dados realizada atrav\u00e9s de levantamento de campo e contando com a participa\u00e7\u00e3o de 2.548 entrevistados, entre produtores de leite, ind\u00fastria de latic\u00ednios, cooperativas de leite e varejo.<\/p>\n\n\n\n<p>\u201cEsse \u00e9 um trabalho que n\u00f3s j\u00e1 t\u00ednhamos a ideia de fazer bem antes da pandemia e que se concretizou agora. \u00c9 um estudo necess\u00e1rio para que possamos discutir a pol\u00edtica do leite em Mato Grosso e que com certeza ir\u00e1 nos ajudar a atrair pol\u00edticas de estado voltadas para a pecu\u00e1ria de leite\u201d, salientou Dolor Vilela, presidente da Aproleite-MT.<\/p>\n\n\n\n<p>Em rela\u00e7\u00e3o ao segmento produtivo, o Imea identificou que o perfil do pecuarista leiteiro de Mato Grosso \u00e9 caracterizado majoritariamente pelo g\u00eanero masculino, representando 70,67% do total entrevistado, e com idade entre 41 e 72 anos (65% da amostra), sinalizando o envelhecimento dentro da porteira.<\/p>\n\n\n\n<p>De acordo com a caracteriza\u00e7\u00e3o da propriedade, 66,32% da m\u00e9dia de produtores de Mato Grosso possui \u00e1rea de at\u00e9 30 hectares destinada \u00e0 produ\u00e7\u00e3o de leite e 56,90% apresentam produ\u00e7\u00e3o m\u00e9dia de at\u00e9 100 litros\/dia em per\u00edodo de \u00e1guas, o que caracteriza produtores de pequena escala.<\/p>\n\n\n\n<p>Al\u00e9m disso, 63,57% dos produtores de leite n\u00e3o realizam planejamento da produ\u00e7\u00e3o e, dos que realizam, 74,92% fazem uso apenas do planejamento no curto prazo, o que sinaliza dificuldade na gest\u00e3o da atividade.<\/p>\n\n\n\n<p>Confira <a href=\"https:\/\/imea.com.br\/imea-site\/arquivo-externo?categoria=lancamentos&amp;arquivo=rel-leite&amp;numeropublicacao=1\" target=\"_blank\" rel=\"noreferrer noopener\">o material na \u00edntegra<\/a>.<\/p>\n\n\n\n<div style=\"height:18px\" aria-hidden=\"true\" class=\"wp-block-spacer\"><\/div>\n\n\n\n<p>Fonte: Assessoria de Comunica\u00e7\u00e3o da Federa\u00e7\u00e3o da Agricultura e Pecu\u00e1ria de Mato Grosso (Famato).<\/p>\n\n\n\n<p><\/p>\n\n\n\n<p><\/p>\n\n\n\n<p><\/p>\n","protected":false},"excerpt":{"rendered":"<p>O Instituto Mato-grossense de Economia Agropecu\u00e1ria (Imea) apresentou, no m\u00eas passado, os resultados da pesquisa \u201cDiagn\u00f3stico da Cadeia Leiteira em Mato Grosso\u201d. Os dados apresentados pelo Imea s\u00e3o relacionados ao perfil do produtor, da propriedade, produ\u00e7\u00e3o leiteira, m\u00e3o de obra, manejo, custo de produ\u00e7\u00e3o precifica\u00e7\u00e3o, bonifica\u00e7\u00e3o, qualidade do leite, entraves na cadeia leiteira, panorama da [&hellip;]<\/p>\n","protected":false},"author":2,"featured_media":0,"comment_status":"open","ping_status":"open","sticky":false,"template":"","format":"standard","meta":{"footnotes":""},"categories":[525],"tags":[],"class_list":["post-58338","post","type-post","status-publish","format-standard","hentry","category-noticias"],"yoast_head":"<!-- This site is optimized with the Yoast SEO plugin v24.5 - https:\/\/yoast.com\/wordpress\/plugins\/seo\/ -->\n<title>Imea apresenta dados da pesquisa \u2018Diagn\u00f3stico da Cadeia Leiteira em Mato Grosso\u2019 | lacteus : Gest\u00e3o para Latic\u00ednios<\/title>\n<meta name=\"robots\" content=\"index, follow, max-snippet:-1, max-image-preview:large, max-video-preview:-1\" \/>\n<link rel=\"canonical\" href=\"https:\/\/lacteus.com.br\/v5\/2023\/08\/imea-apresenta-dados-da-pesquisa-diagnostico-da-cadeia-leiteira-em-mato-grosso\/\" \/>\n<meta property=\"og:locale\" content=\"pt_BR\" \/>\n<meta property=\"og:type\" content=\"article\" \/>\n<meta property=\"og:title\" content=\"Imea apresenta dados da pesquisa \u2018Diagn\u00f3stico da Cadeia Leiteira em Mato Grosso\u2019 | lacteus : Gest\u00e3o para Latic\u00ednios\" \/>\n<meta property=\"og:description\" content=\"O Instituto Mato-grossense de Economia Agropecu\u00e1ria (Imea) apresentou, no m\u00eas passado, os resultados da pesquisa \u201cDiagn\u00f3stico da Cadeia Leiteira em Mato Grosso\u201d. Os dados apresentados pelo Imea s\u00e3o relacionados ao perfil do produtor, da propriedade, produ\u00e7\u00e3o leiteira, m\u00e3o de obra, manejo, custo de produ\u00e7\u00e3o precifica\u00e7\u00e3o, bonifica\u00e7\u00e3o, qualidade do leite, entraves na cadeia leiteira, panorama da [&hellip;]\" \/>\n<meta property=\"og:url\" content=\"https:\/\/lacteus.com.br\/v5\/2023\/08\/imea-apresenta-dados-da-pesquisa-diagnostico-da-cadeia-leiteira-em-mato-grosso\/\" \/>\n<meta property=\"og:site_name\" content=\"lacteus : Gest\u00e3o para Latic\u00ednios\" \/>\n<meta property=\"article:publisher\" content=\"https:\/\/www.facebook.com\/lacteusbrasil\" \/>\n<meta property=\"article:published_time\" content=\"2023-08-29T18:45:27+00:00\" \/>\n<meta property=\"article:modified_time\" content=\"2023-08-29T18:45:29+00:00\" \/>\n<meta name=\"author\" content=\"Daniel Couri\" \/>\n<meta name=\"twitter:card\" content=\"summary_large_image\" \/>\n<meta name=\"twitter:creator\" content=\"@lacteusbrasil\" \/>\n<meta name=\"twitter:site\" content=\"@lacteusbrasil\" \/>\n<meta name=\"twitter:label1\" content=\"Escrito por\" \/>\n\t<meta name=\"twitter:data1\" content=\"Daniel Couri\" \/>\n\t<meta name=\"twitter:label2\" content=\"Est. tempo de leitura\" \/>\n\t<meta name=\"twitter:data2\" content=\"2 minutos\" \/>\n<script type=\"application\/ld+json\" class=\"yoast-schema-graph\">{\"@context\":\"https:\/\/schema.org\",\"@graph\":[{\"@type\":\"Article\",\"@id\":\"https:\/\/lacteus.com.br\/v5\/2023\/08\/imea-apresenta-dados-da-pesquisa-diagnostico-da-cadeia-leiteira-em-mato-grosso\/#article\",\"isPartOf\":{\"@id\":\"https:\/\/lacteus.com.br\/v5\/2023\/08\/imea-apresenta-dados-da-pesquisa-diagnostico-da-cadeia-leiteira-em-mato-grosso\/\"},\"author\":{\"name\":\"Daniel Couri\",\"@id\":\"https:\/\/lacteus.com.br\/v5\/#\/schema\/person\/ddc73f97a34b201fe113dc1664f47663\"},\"headline\":\"Imea apresenta dados da pesquisa \u2018Diagn\u00f3stico da Cadeia Leiteira em Mato Grosso\u2019\",\"datePublished\":\"2023-08-29T18:45:27+00:00\",\"dateModified\":\"2023-08-29T18:45:29+00:00\",\"mainEntityOfPage\":{\"@id\":\"https:\/\/lacteus.com.br\/v5\/2023\/08\/imea-apresenta-dados-da-pesquisa-diagnostico-da-cadeia-leiteira-em-mato-grosso\/\"},\"wordCount\":343,\"commentCount\":0,\"publisher\":{\"@id\":\"https:\/\/lacteus.com.br\/v5\/#organization\"},\"articleSection\":[\"Not\u00edcias\"],\"inLanguage\":\"pt-BR\",\"potentialAction\":[{\"@type\":\"CommentAction\",\"name\":\"Comment\",\"target\":[\"https:\/\/lacteus.com.br\/v5\/2023\/08\/imea-apresenta-dados-da-pesquisa-diagnostico-da-cadeia-leiteira-em-mato-grosso\/#respond\"]}]},{\"@type\":\"WebPage\",\"@id\":\"https:\/\/lacteus.com.br\/v5\/2023\/08\/imea-apresenta-dados-da-pesquisa-diagnostico-da-cadeia-leiteira-em-mato-grosso\/\",\"url\":\"https:\/\/lacteus.com.br\/v5\/2023\/08\/imea-apresenta-dados-da-pesquisa-diagnostico-da-cadeia-leiteira-em-mato-grosso\/\",\"name\":\"Imea apresenta dados da pesquisa \u2018Diagn\u00f3stico da Cadeia Leiteira em Mato Grosso\u2019 | lacteus : Gest\u00e3o para Latic\u00ednios\",\"isPartOf\":{\"@id\":\"https:\/\/lacteus.com.br\/v5\/#website\"},\"datePublished\":\"2023-08-29T18:45:27+00:00\",\"dateModified\":\"2023-08-29T18:45:29+00:00\",\"breadcrumb\":{\"@id\":\"https:\/\/lacteus.com.br\/v5\/2023\/08\/imea-apresenta-dados-da-pesquisa-diagnostico-da-cadeia-leiteira-em-mato-grosso\/#breadcrumb\"},\"inLanguage\":\"pt-BR\",\"potentialAction\":[{\"@type\":\"ReadAction\",\"target\":[\"https:\/\/lacteus.com.br\/v5\/2023\/08\/imea-apresenta-dados-da-pesquisa-diagnostico-da-cadeia-leiteira-em-mato-grosso\/\"]}]},{\"@type\":\"BreadcrumbList\",\"@id\":\"https:\/\/lacteus.com.br\/v5\/2023\/08\/imea-apresenta-dados-da-pesquisa-diagnostico-da-cadeia-leiteira-em-mato-grosso\/#breadcrumb\",\"itemListElement\":[{\"@type\":\"ListItem\",\"position\":1,\"name\":\"In\u00edcio\",\"item\":\"https:\/\/lacteus.com.br\/v5\/\"},{\"@type\":\"ListItem\",\"position\":2,\"name\":\"Imea apresenta dados da pesquisa \u2018Diagn\u00f3stico da Cadeia Leiteira em Mato Grosso\u2019\"}]},{\"@type\":\"WebSite\",\"@id\":\"https:\/\/lacteus.com.br\/v5\/#website\",\"url\":\"https:\/\/lacteus.com.br\/v5\/\",\"name\":\"lacteus : Gest\u00e3o para Latic\u00ednios\",\"description\":\"\",\"publisher\":{\"@id\":\"https:\/\/lacteus.com.br\/v5\/#organization\"},\"potentialAction\":[{\"@type\":\"SearchAction\",\"target\":{\"@type\":\"EntryPoint\",\"urlTemplate\":\"https:\/\/lacteus.com.br\/v5\/?s={search_term_string}\"},\"query-input\":{\"@type\":\"PropertyValueSpecification\",\"valueRequired\":true,\"valueName\":\"search_term_string\"}}],\"inLanguage\":\"pt-BR\"},{\"@type\":\"Organization\",\"@id\":\"https:\/\/lacteus.com.br\/v5\/#organization\",\"name\":\"Lacteus Gest\u00e3o para Latic\u00ednios\",\"url\":\"https:\/\/lacteus.com.br\/v5\/\",\"logo\":{\"@type\":\"ImageObject\",\"inLanguage\":\"pt-BR\",\"@id\":\"https:\/\/lacteus.com.br\/v5\/#\/schema\/logo\/image\/\",\"url\":\"https:\/\/lacteus.com.br\/v5\/wp-content\/uploads\/2021\/07\/logo-H-100.png\",\"contentUrl\":\"https:\/\/lacteus.com.br\/v5\/wp-content\/uploads\/2021\/07\/logo-H-100.png\",\"width\":524,\"height\":100,\"caption\":\"Lacteus Gest\u00e3o para Latic\u00ednios\"},\"image\":{\"@id\":\"https:\/\/lacteus.com.br\/v5\/#\/schema\/logo\/image\/\"},\"sameAs\":[\"https:\/\/www.facebook.com\/lacteusbrasil\",\"https:\/\/x.com\/lacteusbrasil\",\"https:\/\/www.instagram.com\/lacteusbrasil\",\"https:\/\/www.linkedin.com\/company\/lacteusbrasil\",\"https:\/\/www.youtube.com\/lacteusbrasil\"]},{\"@type\":\"Person\",\"@id\":\"https:\/\/lacteus.com.br\/v5\/#\/schema\/person\/ddc73f97a34b201fe113dc1664f47663\",\"name\":\"Daniel Couri\",\"image\":{\"@type\":\"ImageObject\",\"inLanguage\":\"pt-BR\",\"@id\":\"https:\/\/lacteus.com.br\/v5\/#\/schema\/person\/image\/\",\"url\":\"https:\/\/secure.gravatar.com\/avatar\/f3d1b137704d5c421cfbaf597096ebfb?s=96&d=mm&r=g\",\"contentUrl\":\"https:\/\/secure.gravatar.com\/avatar\/f3d1b137704d5c421cfbaf597096ebfb?s=96&d=mm&r=g\",\"caption\":\"Daniel Couri\"},\"url\":\"https:\/\/lacteus.com.br\/v5\/author\/comunicacao\/\"}]}<\/script>\n<!-- \/ Yoast SEO plugin. -->","yoast_head_json":{"title":"Imea apresenta dados da pesquisa \u2018Diagn\u00f3stico da Cadeia Leiteira em Mato Grosso\u2019 | lacteus : Gest\u00e3o para Latic\u00ednios","robots":{"index":"index","follow":"follow","max-snippet":"max-snippet:-1","max-image-preview":"max-image-preview:large","max-video-preview":"max-video-preview:-1"},"canonical":"https:\/\/lacteus.com.br\/v5\/2023\/08\/imea-apresenta-dados-da-pesquisa-diagnostico-da-cadeia-leiteira-em-mato-grosso\/","og_locale":"pt_BR","og_type":"article","og_title":"Imea apresenta dados da pesquisa \u2018Diagn\u00f3stico da Cadeia Leiteira em Mato Grosso\u2019 | lacteus : Gest\u00e3o para Latic\u00ednios","og_description":"O Instituto Mato-grossense de Economia Agropecu\u00e1ria (Imea) apresentou, no m\u00eas passado, os resultados da pesquisa \u201cDiagn\u00f3stico da Cadeia Leiteira em Mato Grosso\u201d. Os dados apresentados pelo Imea s\u00e3o relacionados ao perfil do produtor, da propriedade, produ\u00e7\u00e3o leiteira, m\u00e3o de obra, manejo, custo de produ\u00e7\u00e3o precifica\u00e7\u00e3o, bonifica\u00e7\u00e3o, qualidade do leite, entraves na cadeia leiteira, panorama da [&hellip;]","og_url":"https:\/\/lacteus.com.br\/v5\/2023\/08\/imea-apresenta-dados-da-pesquisa-diagnostico-da-cadeia-leiteira-em-mato-grosso\/","og_site_name":"lacteus : Gest\u00e3o para Latic\u00ednios","article_publisher":"https:\/\/www.facebook.com\/lacteusbrasil","article_published_time":"2023-08-29T18:45:27+00:00","article_modified_time":"2023-08-29T18:45:29+00:00","author":"Daniel Couri","twitter_card":"summary_large_image","twitter_creator":"@lacteusbrasil","twitter_site":"@lacteusbrasil","twitter_misc":{"Escrito por":"Daniel Couri","Est. tempo de leitura":"2 minutos"},"schema":{"@context":"https:\/\/schema.org","@graph":[{"@type":"Article","@id":"https:\/\/lacteus.com.br\/v5\/2023\/08\/imea-apresenta-dados-da-pesquisa-diagnostico-da-cadeia-leiteira-em-mato-grosso\/#article","isPartOf":{"@id":"https:\/\/lacteus.com.br\/v5\/2023\/08\/imea-apresenta-dados-da-pesquisa-diagnostico-da-cadeia-leiteira-em-mato-grosso\/"},"author":{"name":"Daniel Couri","@id":"https:\/\/lacteus.com.br\/v5\/#\/schema\/person\/ddc73f97a34b201fe113dc1664f47663"},"headline":"Imea apresenta dados da pesquisa \u2018Diagn\u00f3stico da Cadeia Leiteira em Mato Grosso\u2019","datePublished":"2023-08-29T18:45:27+00:00","dateModified":"2023-08-29T18:45:29+00:00","mainEntityOfPage":{"@id":"https:\/\/lacteus.com.br\/v5\/2023\/08\/imea-apresenta-dados-da-pesquisa-diagnostico-da-cadeia-leiteira-em-mato-grosso\/"},"wordCount":343,"commentCount":0,"publisher":{"@id":"https:\/\/lacteus.com.br\/v5\/#organization"},"articleSection":["Not\u00edcias"],"inLanguage":"pt-BR","potentialAction":[{"@type":"CommentAction","name":"Comment","target":["https:\/\/lacteus.com.br\/v5\/2023\/08\/imea-apresenta-dados-da-pesquisa-diagnostico-da-cadeia-leiteira-em-mato-grosso\/#respond"]}]},{"@type":"WebPage","@id":"https:\/\/lacteus.com.br\/v5\/2023\/08\/imea-apresenta-dados-da-pesquisa-diagnostico-da-cadeia-leiteira-em-mato-grosso\/","url":"https:\/\/lacteus.com.br\/v5\/2023\/08\/imea-apresenta-dados-da-pesquisa-diagnostico-da-cadeia-leiteira-em-mato-grosso\/","name":"Imea apresenta dados da pesquisa \u2018Diagn\u00f3stico da Cadeia Leiteira em Mato Grosso\u2019 | lacteus : Gest\u00e3o para Latic\u00ednios","isPartOf":{"@id":"https:\/\/lacteus.com.br\/v5\/#website"},"datePublished":"2023-08-29T18:45:27+00:00","dateModified":"2023-08-29T18:45:29+00:00","breadcrumb":{"@id":"https:\/\/lacteus.com.br\/v5\/2023\/08\/imea-apresenta-dados-da-pesquisa-diagnostico-da-cadeia-leiteira-em-mato-grosso\/#breadcrumb"},"inLanguage":"pt-BR","potentialAction":[{"@type":"ReadAction","target":["https:\/\/lacteus.com.br\/v5\/2023\/08\/imea-apresenta-dados-da-pesquisa-diagnostico-da-cadeia-leiteira-em-mato-grosso\/"]}]},{"@type":"BreadcrumbList","@id":"https:\/\/lacteus.com.br\/v5\/2023\/08\/imea-apresenta-dados-da-pesquisa-diagnostico-da-cadeia-leiteira-em-mato-grosso\/#breadcrumb","itemListElement":[{"@type":"ListItem","position":1,"name":"In\u00edcio","item":"https:\/\/lacteus.com.br\/v5\/"},{"@type":"ListItem","position":2,"name":"Imea apresenta dados da pesquisa \u2018Diagn\u00f3stico da Cadeia Leiteira em Mato Grosso\u2019"}]},{"@type":"WebSite","@id":"https:\/\/lacteus.com.br\/v5\/#website","url":"https:\/\/lacteus.com.br\/v5\/","name":"lacteus : Gest\u00e3o para Latic\u00ednios","description":"","publisher":{"@id":"https:\/\/lacteus.com.br\/v5\/#organization"},"potentialAction":[{"@type":"SearchAction","target":{"@type":"EntryPoint","urlTemplate":"https:\/\/lacteus.com.br\/v5\/?s={search_term_string}"},"query-input":{"@type":"PropertyValueSpecification","valueRequired":true,"valueName":"search_term_string"}}],"inLanguage":"pt-BR"},{"@type":"Organization","@id":"https:\/\/lacteus.com.br\/v5\/#organization","name":"Lacteus Gest\u00e3o para Latic\u00ednios","url":"https:\/\/lacteus.com.br\/v5\/","logo":{"@type":"ImageObject","inLanguage":"pt-BR","@id":"https:\/\/lacteus.com.br\/v5\/#\/schema\/logo\/image\/","url":"https:\/\/lacteus.com.br\/v5\/wp-content\/uploads\/2021\/07\/logo-H-100.png","contentUrl":"https:\/\/lacteus.com.br\/v5\/wp-content\/uploads\/2021\/07\/logo-H-100.png","width":524,"height":100,"caption":"Lacteus Gest\u00e3o para Latic\u00ednios"},"image":{"@id":"https:\/\/lacteus.com.br\/v5\/#\/schema\/logo\/image\/"},"sameAs":["https:\/\/www.facebook.com\/lacteusbrasil","https:\/\/x.com\/lacteusbrasil","https:\/\/www.instagram.com\/lacteusbrasil","https:\/\/www.linkedin.com\/company\/lacteusbrasil","https:\/\/www.youtube.com\/lacteusbrasil"]},{"@type":"Person","@id":"https:\/\/lacteus.com.br\/v5\/#\/schema\/person\/ddc73f97a34b201fe113dc1664f47663","name":"Daniel Couri","image":{"@type":"ImageObject","inLanguage":"pt-BR","@id":"https:\/\/lacteus.com.br\/v5\/#\/schema\/person\/image\/","url":"https:\/\/secure.gravatar.com\/avatar\/f3d1b137704d5c421cfbaf597096ebfb?s=96&d=mm&r=g","contentUrl":"https:\/\/secure.gravatar.com\/avatar\/f3d1b137704d5c421cfbaf597096ebfb?s=96&d=mm&r=g","caption":"Daniel Couri"},"url":"https:\/\/lacteus.com.br\/v5\/author\/comunicacao\/"}]}},"_links":{"self":[{"href":"https:\/\/lacteus.com.br\/v5\/wp-json\/wp\/v2\/posts\/58338","targetHints":{"allow":["GET"]}}],"collection":[{"href":"https:\/\/lacteus.com.br\/v5\/wp-json\/wp\/v2\/posts"}],"about":[{"href":"https:\/\/lacteus.com.br\/v5\/wp-json\/wp\/v2\/types\/post"}],"author":[{"embeddable":true,"href":"https:\/\/lacteus.com.br\/v5\/wp-json\/wp\/v2\/users\/2"}],"replies":[{"embeddable":true,"href":"https:\/\/lacteus.com.br\/v5\/wp-json\/wp\/v2\/comments?post=58338"}],"version-history":[{"count":1,"href":"https:\/\/lacteus.com.br\/v5\/wp-json\/wp\/v2\/posts\/58338\/revisions"}],"predecessor-version":[{"id":58339,"href":"https:\/\/lacteus.com.br\/v5\/wp-json\/wp\/v2\/posts\/58338\/revisions\/58339"}],"wp:attachment":[{"href":"https:\/\/lacteus.com.br\/v5\/wp-json\/wp\/v2\/media?parent=58338"}],"wp:term":[{"taxonomy":"category","embeddable":true,"href":"https:\/\/lacteus.com.br\/v5\/wp-json\/wp\/v2\/categories?post=58338"},{"taxonomy":"post_tag","embeddable":true,"href":"https:\/\/lacteus.com.br\/v5\/wp-json\/wp\/v2\/tags?post=58338"}],"curies":[{"name":"wp","href":"https:\/\/api.w.org\/{rel}","templated":true}]}}