{"id":58334,"date":"2023-08-29T14:25:41","date_gmt":"2023-08-29T17:25:41","guid":{"rendered":"https:\/\/lacteus.com.br\/v5\/?p=58334"},"modified":"2023-08-29T14:25:42","modified_gmt":"2023-08-29T17:25:42","slug":"vencedores-do-premio-referencia-leiteira-serao-conhecidos-no-dia-31-08","status":"publish","type":"post","link":"https:\/\/lacteus.com.br\/v5\/2023\/08\/vencedores-do-premio-referencia-leiteira-serao-conhecidos-no-dia-31-08\/","title":{"rendered":"Vencedores do Pr\u00eamio Refer\u00eancia Leiteira ser\u00e3o conhecidos no dia 31\/08"},"content":{"rendered":"\n<p><\/p>\n\n\n\n<p>Refer\u00eancia leiteira &#8211; Ser\u00e3o revelados, na quinta-feira (31\/8), os 12 vencedores da 2\u00aa edi\u00e7\u00e3o do Pr\u00eamio Refer\u00eancia Leiteira. Ao todo, a premia\u00e7\u00e3o, promovida pelo Sindicato da Ind\u00fastria de Latic\u00ednios do Estado do Rio Grande do Sul (Sindilat\/RS), a Associa\u00e7\u00e3o Riograndense de Empreendimentos de Assist\u00eancia T\u00e9cnica e Extens\u00e3o Rural (Emater\/RS), a Secretaria da Agricultura, Pecu\u00e1ria, Produ\u00e7\u00e3o Sustent\u00e1vel e Irriga\u00e7\u00e3o (Seapi) e a Secretaria de Desenvolvimento Rural (SDR) contou com a participa\u00e7\u00e3o de 150 iniciativas.<\/p>\n\n\n\n<p>Ao t\u00edtulo de Propriedade Refer\u00eancia em Produ\u00e7\u00e3o de Leite, concorrem 116 tambos divididos entre os que adotam sistemas \u00e0 base de pasto e os de semiconfinamento ou confinamento. J\u00e1 na categoria de cases, h\u00e1 34 projetos na disputa entre os grupos Protagonismo Feminino, Inova\u00e7\u00e3o, Gest\u00e3o da Atividade Leiteira, Sucess\u00e3o Familiar, Sustentabilidade Ambiental e Bem-estar Animal.<\/p>\n\n\n\n<p>A cerim\u00f4nia contar\u00e1 ainda com a apresenta\u00e7\u00e3o de iniciativas e tecnologias inovadoras para a cadeia leiteira, conforme a programa\u00e7\u00e3o abaixo. Ao serem premiados, os destaques receber\u00e3o trof\u00e9u e certificado, bem como um notebook como pr\u00eamio. Durante o evento, tamb\u00e9m ser\u00e1 lan\u00e7ada a 1\u00aa Edi\u00e7\u00e3o da Revista Refer\u00eancia Leiteira e o 3\u00ba Pr\u00eamio Refer\u00eancia Leiteira.<\/p>\n\n\n\n<div style=\"height:18px\" aria-hidden=\"true\" class=\"wp-block-spacer\"><\/div>\n\n\n\n<p>A programa\u00e7\u00e3o oficial est\u00e1 no site <a href=\"https:\/\/www.sindilat.com.br\/site\/2023\/08\/25\/vencedores-do-premio-referencia-leiteira-serao-conhecidos-no-dia-31-08\/\" target=\"_blank\" rel=\"noreferrer noopener\">SINDILAT\/RS<\/a>.<\/p>\n\n\n\n<p><\/p>\n","protected":false},"excerpt":{"rendered":"<p>Refer\u00eancia leiteira &#8211; Ser\u00e3o revelados, na quinta-feira (31\/8), os 12 vencedores da 2\u00aa edi\u00e7\u00e3o do Pr\u00eamio Refer\u00eancia Leiteira. Ao todo, a premia\u00e7\u00e3o, promovida pelo Sindicato da Ind\u00fastria de Latic\u00ednios do Estado do Rio Grande do Sul (Sindilat\/RS), a Associa\u00e7\u00e3o Riograndense de Empreendimentos de Assist\u00eancia T\u00e9cnica e Extens\u00e3o Rural (Emater\/RS), a Secretaria da Agricultura, Pecu\u00e1ria, Produ\u00e7\u00e3o [&hellip;]<\/p>\n","protected":false},"author":2,"featured_media":0,"comment_status":"open","ping_status":"open","sticky":false,"template":"","format":"standard","meta":{"footnotes":""},"categories":[525],"tags":[],"class_list":["post-58334","post","type-post","status-publish","format-standard","hentry","category-noticias"],"yoast_head":"<!-- This site is optimized with the Yoast SEO plugin v24.5 - https:\/\/yoast.com\/wordpress\/plugins\/seo\/ -->\n<title>Vencedores do Pr\u00eamio Refer\u00eancia Leiteira ser\u00e3o conhecidos no dia 31\/08 | lacteus : Gest\u00e3o para Latic\u00ednios<\/title>\n<meta name=\"robots\" content=\"index, follow, max-snippet:-1, max-image-preview:large, max-video-preview:-1\" \/>\n<link rel=\"canonical\" href=\"https:\/\/lacteus.com.br\/v5\/2023\/08\/vencedores-do-premio-referencia-leiteira-serao-conhecidos-no-dia-31-08\/\" \/>\n<meta property=\"og:locale\" content=\"pt_BR\" \/>\n<meta property=\"og:type\" content=\"article\" \/>\n<meta property=\"og:title\" content=\"Vencedores do Pr\u00eamio Refer\u00eancia Leiteira ser\u00e3o conhecidos no dia 31\/08 | lacteus : Gest\u00e3o para Latic\u00ednios\" \/>\n<meta property=\"og:description\" content=\"Refer\u00eancia leiteira &#8211; Ser\u00e3o revelados, na quinta-feira (31\/8), os 12 vencedores da 2\u00aa edi\u00e7\u00e3o do Pr\u00eamio Refer\u00eancia Leiteira. Ao todo, a premia\u00e7\u00e3o, promovida pelo Sindicato da Ind\u00fastria de Latic\u00ednios do Estado do Rio Grande do Sul (Sindilat\/RS), a Associa\u00e7\u00e3o Riograndense de Empreendimentos de Assist\u00eancia T\u00e9cnica e Extens\u00e3o Rural (Emater\/RS), a Secretaria da Agricultura, Pecu\u00e1ria, Produ\u00e7\u00e3o [&hellip;]\" \/>\n<meta property=\"og:url\" content=\"https:\/\/lacteus.com.br\/v5\/2023\/08\/vencedores-do-premio-referencia-leiteira-serao-conhecidos-no-dia-31-08\/\" \/>\n<meta property=\"og:site_name\" content=\"lacteus : Gest\u00e3o para Latic\u00ednios\" \/>\n<meta property=\"article:publisher\" content=\"https:\/\/www.facebook.com\/lacteusbrasil\" \/>\n<meta property=\"article:published_time\" content=\"2023-08-29T17:25:41+00:00\" \/>\n<meta property=\"article:modified_time\" content=\"2023-08-29T17:25:42+00:00\" \/>\n<meta name=\"author\" content=\"Daniel Couri\" \/>\n<meta name=\"twitter:card\" content=\"summary_large_image\" \/>\n<meta name=\"twitter:creator\" content=\"@lacteusbrasil\" \/>\n<meta name=\"twitter:site\" content=\"@lacteusbrasil\" \/>\n<meta name=\"twitter:label1\" content=\"Escrito por\" \/>\n\t<meta name=\"twitter:data1\" content=\"Daniel Couri\" \/>\n\t<meta name=\"twitter:label2\" content=\"Est. tempo de leitura\" \/>\n\t<meta name=\"twitter:data2\" content=\"1 minuto\" \/>\n<script type=\"application\/ld+json\" class=\"yoast-schema-graph\">{\"@context\":\"https:\/\/schema.org\",\"@graph\":[{\"@type\":\"Article\",\"@id\":\"https:\/\/lacteus.com.br\/v5\/2023\/08\/vencedores-do-premio-referencia-leiteira-serao-conhecidos-no-dia-31-08\/#article\",\"isPartOf\":{\"@id\":\"https:\/\/lacteus.com.br\/v5\/2023\/08\/vencedores-do-premio-referencia-leiteira-serao-conhecidos-no-dia-31-08\/\"},\"author\":{\"name\":\"Daniel Couri\",\"@id\":\"https:\/\/lacteus.com.br\/v5\/#\/schema\/person\/ddc73f97a34b201fe113dc1664f47663\"},\"headline\":\"Vencedores do Pr\u00eamio Refer\u00eancia Leiteira ser\u00e3o conhecidos no dia 31\/08\",\"datePublished\":\"2023-08-29T17:25:41+00:00\",\"dateModified\":\"2023-08-29T17:25:42+00:00\",\"mainEntityOfPage\":{\"@id\":\"https:\/\/lacteus.com.br\/v5\/2023\/08\/vencedores-do-premio-referencia-leiteira-serao-conhecidos-no-dia-31-08\/\"},\"wordCount\":231,\"commentCount\":0,\"publisher\":{\"@id\":\"https:\/\/lacteus.com.br\/v5\/#organization\"},\"articleSection\":[\"Not\u00edcias\"],\"inLanguage\":\"pt-BR\",\"potentialAction\":[{\"@type\":\"CommentAction\",\"name\":\"Comment\",\"target\":[\"https:\/\/lacteus.com.br\/v5\/2023\/08\/vencedores-do-premio-referencia-leiteira-serao-conhecidos-no-dia-31-08\/#respond\"]}]},{\"@type\":\"WebPage\",\"@id\":\"https:\/\/lacteus.com.br\/v5\/2023\/08\/vencedores-do-premio-referencia-leiteira-serao-conhecidos-no-dia-31-08\/\",\"url\":\"https:\/\/lacteus.com.br\/v5\/2023\/08\/vencedores-do-premio-referencia-leiteira-serao-conhecidos-no-dia-31-08\/\",\"name\":\"Vencedores do Pr\u00eamio Refer\u00eancia Leiteira ser\u00e3o conhecidos no dia 31\/08 | lacteus : Gest\u00e3o para Latic\u00ednios\",\"isPartOf\":{\"@id\":\"https:\/\/lacteus.com.br\/v5\/#website\"},\"datePublished\":\"2023-08-29T17:25:41+00:00\",\"dateModified\":\"2023-08-29T17:25:42+00:00\",\"breadcrumb\":{\"@id\":\"https:\/\/lacteus.com.br\/v5\/2023\/08\/vencedores-do-premio-referencia-leiteira-serao-conhecidos-no-dia-31-08\/#breadcrumb\"},\"inLanguage\":\"pt-BR\",\"potentialAction\":[{\"@type\":\"ReadAction\",\"target\":[\"https:\/\/lacteus.com.br\/v5\/2023\/08\/vencedores-do-premio-referencia-leiteira-serao-conhecidos-no-dia-31-08\/\"]}]},{\"@type\":\"BreadcrumbList\",\"@id\":\"https:\/\/lacteus.com.br\/v5\/2023\/08\/vencedores-do-premio-referencia-leiteira-serao-conhecidos-no-dia-31-08\/#breadcrumb\",\"itemListElement\":[{\"@type\":\"ListItem\",\"position\":1,\"name\":\"In\u00edcio\",\"item\":\"https:\/\/lacteus.com.br\/v5\/\"},{\"@type\":\"ListItem\",\"position\":2,\"name\":\"Vencedores do Pr\u00eamio Refer\u00eancia Leiteira ser\u00e3o conhecidos no dia 31\/08\"}]},{\"@type\":\"WebSite\",\"@id\":\"https:\/\/lacteus.com.br\/v5\/#website\",\"url\":\"https:\/\/lacteus.com.br\/v5\/\",\"name\":\"lacteus : Gest\u00e3o para Latic\u00ednios\",\"description\":\"\",\"publisher\":{\"@id\":\"https:\/\/lacteus.com.br\/v5\/#organization\"},\"potentialAction\":[{\"@type\":\"SearchAction\",\"target\":{\"@type\":\"EntryPoint\",\"urlTemplate\":\"https:\/\/lacteus.com.br\/v5\/?s={search_term_string}\"},\"query-input\":{\"@type\":\"PropertyValueSpecification\",\"valueRequired\":true,\"valueName\":\"search_term_string\"}}],\"inLanguage\":\"pt-BR\"},{\"@type\":\"Organization\",\"@id\":\"https:\/\/lacteus.com.br\/v5\/#organization\",\"name\":\"Lacteus Gest\u00e3o para Latic\u00ednios\",\"url\":\"https:\/\/lacteus.com.br\/v5\/\",\"logo\":{\"@type\":\"ImageObject\",\"inLanguage\":\"pt-BR\",\"@id\":\"https:\/\/lacteus.com.br\/v5\/#\/schema\/logo\/image\/\",\"url\":\"https:\/\/lacteus.com.br\/v5\/wp-content\/uploads\/2021\/07\/logo-H-100.png\",\"contentUrl\":\"https:\/\/lacteus.com.br\/v5\/wp-content\/uploads\/2021\/07\/logo-H-100.png\",\"width\":524,\"height\":100,\"caption\":\"Lacteus Gest\u00e3o para Latic\u00ednios\"},\"image\":{\"@id\":\"https:\/\/lacteus.com.br\/v5\/#\/schema\/logo\/image\/\"},\"sameAs\":[\"https:\/\/www.facebook.com\/lacteusbrasil\",\"https:\/\/x.com\/lacteusbrasil\",\"https:\/\/www.instagram.com\/lacteusbrasil\",\"https:\/\/www.linkedin.com\/company\/lacteusbrasil\",\"https:\/\/www.youtube.com\/lacteusbrasil\"]},{\"@type\":\"Person\",\"@id\":\"https:\/\/lacteus.com.br\/v5\/#\/schema\/person\/ddc73f97a34b201fe113dc1664f47663\",\"name\":\"Daniel Couri\",\"image\":{\"@type\":\"ImageObject\",\"inLanguage\":\"pt-BR\",\"@id\":\"https:\/\/lacteus.com.br\/v5\/#\/schema\/person\/image\/\",\"url\":\"https:\/\/secure.gravatar.com\/avatar\/f3d1b137704d5c421cfbaf597096ebfb?s=96&d=mm&r=g\",\"contentUrl\":\"https:\/\/secure.gravatar.com\/avatar\/f3d1b137704d5c421cfbaf597096ebfb?s=96&d=mm&r=g\",\"caption\":\"Daniel Couri\"},\"url\":\"https:\/\/lacteus.com.br\/v5\/author\/comunicacao\/\"}]}<\/script>\n<!-- \/ Yoast SEO plugin. -->","yoast_head_json":{"title":"Vencedores do Pr\u00eamio Refer\u00eancia Leiteira ser\u00e3o conhecidos no dia 31\/08 | lacteus : Gest\u00e3o para Latic\u00ednios","robots":{"index":"index","follow":"follow","max-snippet":"max-snippet:-1","max-image-preview":"max-image-preview:large","max-video-preview":"max-video-preview:-1"},"canonical":"https:\/\/lacteus.com.br\/v5\/2023\/08\/vencedores-do-premio-referencia-leiteira-serao-conhecidos-no-dia-31-08\/","og_locale":"pt_BR","og_type":"article","og_title":"Vencedores do Pr\u00eamio Refer\u00eancia Leiteira ser\u00e3o conhecidos no dia 31\/08 | lacteus : Gest\u00e3o para Latic\u00ednios","og_description":"Refer\u00eancia leiteira &#8211; Ser\u00e3o revelados, na quinta-feira (31\/8), os 12 vencedores da 2\u00aa edi\u00e7\u00e3o do Pr\u00eamio Refer\u00eancia Leiteira. Ao todo, a premia\u00e7\u00e3o, promovida pelo Sindicato da Ind\u00fastria de Latic\u00ednios do Estado do Rio Grande do Sul (Sindilat\/RS), a Associa\u00e7\u00e3o Riograndense de Empreendimentos de Assist\u00eancia T\u00e9cnica e Extens\u00e3o Rural (Emater\/RS), a Secretaria da Agricultura, Pecu\u00e1ria, Produ\u00e7\u00e3o [&hellip;]","og_url":"https:\/\/lacteus.com.br\/v5\/2023\/08\/vencedores-do-premio-referencia-leiteira-serao-conhecidos-no-dia-31-08\/","og_site_name":"lacteus : Gest\u00e3o para Latic\u00ednios","article_publisher":"https:\/\/www.facebook.com\/lacteusbrasil","article_published_time":"2023-08-29T17:25:41+00:00","article_modified_time":"2023-08-29T17:25:42+00:00","author":"Daniel Couri","twitter_card":"summary_large_image","twitter_creator":"@lacteusbrasil","twitter_site":"@lacteusbrasil","twitter_misc":{"Escrito por":"Daniel Couri","Est. tempo de leitura":"1 minuto"},"schema":{"@context":"https:\/\/schema.org","@graph":[{"@type":"Article","@id":"https:\/\/lacteus.com.br\/v5\/2023\/08\/vencedores-do-premio-referencia-leiteira-serao-conhecidos-no-dia-31-08\/#article","isPartOf":{"@id":"https:\/\/lacteus.com.br\/v5\/2023\/08\/vencedores-do-premio-referencia-leiteira-serao-conhecidos-no-dia-31-08\/"},"author":{"name":"Daniel Couri","@id":"https:\/\/lacteus.com.br\/v5\/#\/schema\/person\/ddc73f97a34b201fe113dc1664f47663"},"headline":"Vencedores do Pr\u00eamio Refer\u00eancia Leiteira ser\u00e3o conhecidos no dia 31\/08","datePublished":"2023-08-29T17:25:41+00:00","dateModified":"2023-08-29T17:25:42+00:00","mainEntityOfPage":{"@id":"https:\/\/lacteus.com.br\/v5\/2023\/08\/vencedores-do-premio-referencia-leiteira-serao-conhecidos-no-dia-31-08\/"},"wordCount":231,"commentCount":0,"publisher":{"@id":"https:\/\/lacteus.com.br\/v5\/#organization"},"articleSection":["Not\u00edcias"],"inLanguage":"pt-BR","potentialAction":[{"@type":"CommentAction","name":"Comment","target":["https:\/\/lacteus.com.br\/v5\/2023\/08\/vencedores-do-premio-referencia-leiteira-serao-conhecidos-no-dia-31-08\/#respond"]}]},{"@type":"WebPage","@id":"https:\/\/lacteus.com.br\/v5\/2023\/08\/vencedores-do-premio-referencia-leiteira-serao-conhecidos-no-dia-31-08\/","url":"https:\/\/lacteus.com.br\/v5\/2023\/08\/vencedores-do-premio-referencia-leiteira-serao-conhecidos-no-dia-31-08\/","name":"Vencedores do Pr\u00eamio Refer\u00eancia Leiteira ser\u00e3o conhecidos no dia 31\/08 | lacteus : Gest\u00e3o para Latic\u00ednios","isPartOf":{"@id":"https:\/\/lacteus.com.br\/v5\/#website"},"datePublished":"2023-08-29T17:25:41+00:00","dateModified":"2023-08-29T17:25:42+00:00","breadcrumb":{"@id":"https:\/\/lacteus.com.br\/v5\/2023\/08\/vencedores-do-premio-referencia-leiteira-serao-conhecidos-no-dia-31-08\/#breadcrumb"},"inLanguage":"pt-BR","potentialAction":[{"@type":"ReadAction","target":["https:\/\/lacteus.com.br\/v5\/2023\/08\/vencedores-do-premio-referencia-leiteira-serao-conhecidos-no-dia-31-08\/"]}]},{"@type":"BreadcrumbList","@id":"https:\/\/lacteus.com.br\/v5\/2023\/08\/vencedores-do-premio-referencia-leiteira-serao-conhecidos-no-dia-31-08\/#breadcrumb","itemListElement":[{"@type":"ListItem","position":1,"name":"In\u00edcio","item":"https:\/\/lacteus.com.br\/v5\/"},{"@type":"ListItem","position":2,"name":"Vencedores do Pr\u00eamio Refer\u00eancia Leiteira ser\u00e3o conhecidos no dia 31\/08"}]},{"@type":"WebSite","@id":"https:\/\/lacteus.com.br\/v5\/#website","url":"https:\/\/lacteus.com.br\/v5\/","name":"lacteus : Gest\u00e3o para Latic\u00ednios","description":"","publisher":{"@id":"https:\/\/lacteus.com.br\/v5\/#organization"},"potentialAction":[{"@type":"SearchAction","target":{"@type":"EntryPoint","urlTemplate":"https:\/\/lacteus.com.br\/v5\/?s={search_term_string}"},"query-input":{"@type":"PropertyValueSpecification","valueRequired":true,"valueName":"search_term_string"}}],"inLanguage":"pt-BR"},{"@type":"Organization","@id":"https:\/\/lacteus.com.br\/v5\/#organization","name":"Lacteus Gest\u00e3o para Latic\u00ednios","url":"https:\/\/lacteus.com.br\/v5\/","logo":{"@type":"ImageObject","inLanguage":"pt-BR","@id":"https:\/\/lacteus.com.br\/v5\/#\/schema\/logo\/image\/","url":"https:\/\/lacteus.com.br\/v5\/wp-content\/uploads\/2021\/07\/logo-H-100.png","contentUrl":"https:\/\/lacteus.com.br\/v5\/wp-content\/uploads\/2021\/07\/logo-H-100.png","width":524,"height":100,"caption":"Lacteus Gest\u00e3o para Latic\u00ednios"},"image":{"@id":"https:\/\/lacteus.com.br\/v5\/#\/schema\/logo\/image\/"},"sameAs":["https:\/\/www.facebook.com\/lacteusbrasil","https:\/\/x.com\/lacteusbrasil","https:\/\/www.instagram.com\/lacteusbrasil","https:\/\/www.linkedin.com\/company\/lacteusbrasil","https:\/\/www.youtube.com\/lacteusbrasil"]},{"@type":"Person","@id":"https:\/\/lacteus.com.br\/v5\/#\/schema\/person\/ddc73f97a34b201fe113dc1664f47663","name":"Daniel Couri","image":{"@type":"ImageObject","inLanguage":"pt-BR","@id":"https:\/\/lacteus.com.br\/v5\/#\/schema\/person\/image\/","url":"https:\/\/secure.gravatar.com\/avatar\/f3d1b137704d5c421cfbaf597096ebfb?s=96&d=mm&r=g","contentUrl":"https:\/\/secure.gravatar.com\/avatar\/f3d1b137704d5c421cfbaf597096ebfb?s=96&d=mm&r=g","caption":"Daniel Couri"},"url":"https:\/\/lacteus.com.br\/v5\/author\/comunicacao\/"}]}},"_links":{"self":[{"href":"https:\/\/lacteus.com.br\/v5\/wp-json\/wp\/v2\/posts\/58334","targetHints":{"allow":["GET"]}}],"collection":[{"href":"https:\/\/lacteus.com.br\/v5\/wp-json\/wp\/v2\/posts"}],"about":[{"href":"https:\/\/lacteus.com.br\/v5\/wp-json\/wp\/v2\/types\/post"}],"author":[{"embeddable":true,"href":"https:\/\/lacteus.com.br\/v5\/wp-json\/wp\/v2\/users\/2"}],"replies":[{"embeddable":true,"href":"https:\/\/lacteus.com.br\/v5\/wp-json\/wp\/v2\/comments?post=58334"}],"version-history":[{"count":1,"href":"https:\/\/lacteus.com.br\/v5\/wp-json\/wp\/v2\/posts\/58334\/revisions"}],"predecessor-version":[{"id":58335,"href":"https:\/\/lacteus.com.br\/v5\/wp-json\/wp\/v2\/posts\/58334\/revisions\/58335"}],"wp:attachment":[{"href":"https:\/\/lacteus.com.br\/v5\/wp-json\/wp\/v2\/media?parent=58334"}],"wp:term":[{"taxonomy":"category","embeddable":true,"href":"https:\/\/lacteus.com.br\/v5\/wp-json\/wp\/v2\/categories?post=58334"},{"taxonomy":"post_tag","embeddable":true,"href":"https:\/\/lacteus.com.br\/v5\/wp-json\/wp\/v2\/tags?post=58334"}],"curies":[{"name":"wp","href":"https:\/\/api.w.org\/{rel}","templated":true}]}}