{"id":58328,"date":"2023-08-28T15:11:16","date_gmt":"2023-08-28T18:11:16","guid":{"rendered":"https:\/\/lacteus.com.br\/v5\/?p=58328"},"modified":"2023-08-28T15:12:58","modified_gmt":"2023-08-28T18:12:58","slug":"o-consumo-de-leite-fermentado-no-pos-pandemia","status":"publish","type":"post","link":"https:\/\/lacteus.com.br\/v5\/2023\/08\/o-consumo-de-leite-fermentado-no-pos-pandemia\/","title":{"rendered":"Observat\u00f3rio do Consumidor analisa o consumo de leite fermentado no p\u00f3s-pandemia"},"content":{"rendered":"\n<p><\/p>\n\n\n\n<p>O leite fermentado integra a categoria de alimentos funcionais, que al\u00e9m das fun\u00e7\u00f5es nutricionais b\u00e1sicas, oferecem outros benef\u00edcios \u00e0 sa\u00fade.<\/p>\n\n\n\n<p>Por ter um forte apelo de saudabilidade, a newsletter do Observat\u00f3rio do Consumidor (criado pela Embrapa Gado de Leite) deste m\u00eas buscou entender quem \u00e9 o consumidor deste produto e verificar se houve altera\u00e7\u00e3o em seu comportamento ap\u00f3s o fim da pandemia (declarada em maio\/2023 pela OMS).<\/p>\n\n\n\n<p>Para issoo, analisou e comparou as postagens de um ano sobre o produto no Twitter\/X, buscando verificar se houve mudan\u00e7a de comportamento no per\u00edodo p\u00f3s-pand\u00eamico, em rela\u00e7\u00e3o aos 8 meses imediatamente anteriores.<\/p>\n\n\n\n<p>O leite fermentado foi mencionado 51.132 vezes no per\u00edodo. O maior n\u00famero de men\u00e7\u00f5es se concentrou entre janeiro e a primeira quinzena de mar\u00e7o de 2023, superando em 20% a m\u00e9dia de todo o per\u00edodo.<\/p>\n\n\n\n<p>O aumento de postagens no per\u00edodo p\u00f3s-pand\u00eamico foi de 23% em rela\u00e7\u00e3o ao 1\u00ba quadrimestre e de 1% em rela\u00e7\u00e3o ao 2\u00ba quadrimestre.<\/p>\n\n\n\n<p>Quando comparado a outros l\u00e1cteos, o leite fermentado \u00e9 o de menor popularidade entre os consumidores. Apresenta o menor n\u00famero de postagens do grupo acompanhado. No intervalo analisado representou apenas 1,6% das men\u00e7\u00f5es sobre leite e derivados.<\/p>\n\n\n\n<div style=\"height:18px\" aria-hidden=\"true\" class=\"wp-block-spacer\"><\/div>\n\n\n\n<p><strong>Perfil dos consumidores de leite fermentado<\/strong><\/p>\n\n\n\n<div style=\"height:12px\" aria-hidden=\"true\" class=\"wp-block-spacer\"><\/div>\n\n\n\n<p>A gera\u00e7\u00e3o Z \u00e9 a que mais comenta sobre o leite fermentado no Twitter\/X, representando 79% das postagens realizadas. 19% das men\u00e7\u00f5es foram feitas pela gera\u00e7\u00e3o Y e 2%, pela gera\u00e7\u00e3o X.<\/p>\n\n\n\n<p>Os homens postaram duas vezes mais que as mulheres sobre o item.<\/p>\n\n\n\n<p>Infere-se a partir destas informa\u00e7\u00f5es que entre os usu\u00e1rios do Twitter\/X, o maior p\u00fablico do leite fermentado \u00e9 composto por jovens ou jovens adultos do sexo masculino.<\/p>\n\n\n\n<p>Da regi\u00e3o Sudeste vieram 57% dos posts, seguida pela regi\u00e3o Nordeste e pela regi\u00e3o Sul, de onde procederam 17% e 16% das men\u00e7\u00f5es sobre o leite fermentado, respectivamente.<\/p>\n\n\n\n<p>Entre os estados, S\u00e3o Paulo lidera o ranking do n\u00famero de postagens, respondendo por 32% das postagens, ou seja, praticamente um ter\u00e7o de todas as men\u00e7\u00f5es.<\/p>\n\n\n\n<div style=\"height:12px\" aria-hidden=\"true\" class=\"wp-block-spacer\"><\/div>\n\n\n\n<p><\/p>\n\n\n\n<figure class=\"wp-block-image aligncenter size-full is-resized\"><img fetchpriority=\"high\" decoding=\"async\" src=\"https:\/\/lacteus.com.br\/v5\/wp-content\/uploads\/2023\/08\/tab1.jpg\" alt=\"\" class=\"wp-image-58329\" width=\"946\" height=\"406\"\/><\/figure>\n\n\n\n<div style=\"height:12px\" aria-hidden=\"true\" class=\"wp-block-spacer\"><\/div>\n\n\n\n<p>As caracter\u00edsticas do leite fermentado que mais despertam a aten\u00e7\u00e3o dos consumidores s\u00e3o, em ordem de prefer\u00eancia, o sabor, o tamanho, a cor, o pre\u00e7o e a embalagem do produto. Cada uma destas caracter\u00edsticas estiveram presentes em pelo menos 10% das postagens.<\/p>\n\n\n\n<div style=\"height:12px\" aria-hidden=\"true\" class=\"wp-block-spacer\"><\/div>\n\n\n\n<figure class=\"wp-block-image aligncenter size-full is-resized\"><img decoding=\"async\" src=\"https:\/\/lacteus.com.br\/v5\/wp-content\/uploads\/2023\/08\/tab2.jpg\" alt=\"\" class=\"wp-image-58330\" width=\"527\" height=\"395\"\/><\/figure>\n\n\n\n<div style=\"height:12px\" aria-hidden=\"true\" class=\"wp-block-spacer\"><\/div>\n\n\n\n<p>Quanto aos alimentos que mais acompanham o leite fermentado, os latic\u00ednios ocupam a primeira posi\u00e7\u00e3o, estando presente em 66% das men\u00e7\u00f5es. Alimentos preparados e frutas aparecem em sequ\u00eancia, ambos em 8% dos posts. Juntos, estes tr\u00eas grupos representam 81% dos acompanhamentos citados nas men\u00e7\u00f5es.<\/p>\n\n\n\n<div style=\"height:18px\" aria-hidden=\"true\" class=\"wp-block-spacer\"><\/div>\n\n\n\n<p><strong><em>Fonte:<\/em><\/strong> <a href=\"https:\/\/observatoriodoconsumidor.cnpgl.embrapa.br\/newsletter\/21\/agosto-2023\" target=\"_blank\" rel=\"noreferrer noopener\">Observat\u00f3rio do Consumidor<\/a> \/ Agosto de 2023 (Embrapa Gado de Leite).<\/p>\n","protected":false},"excerpt":{"rendered":"<p>O leite fermentado integra a categoria de alimentos funcionais, que al\u00e9m das fun\u00e7\u00f5es nutricionais b\u00e1sicas, oferecem outros benef\u00edcios \u00e0 sa\u00fade. Por ter um forte apelo de saudabilidade, a newsletter do Observat\u00f3rio do Consumidor (criado pela Embrapa Gado de Leite) deste m\u00eas buscou entender quem \u00e9 o consumidor deste produto e verificar se houve altera\u00e7\u00e3o em [&hellip;]<\/p>\n","protected":false},"author":2,"featured_media":0,"comment_status":"open","ping_status":"open","sticky":false,"template":"","format":"standard","meta":{"footnotes":""},"categories":[525],"tags":[],"class_list":["post-58328","post","type-post","status-publish","format-standard","hentry","category-noticias"],"yoast_head":"<!-- This site is optimized with the Yoast SEO plugin v24.5 - https:\/\/yoast.com\/wordpress\/plugins\/seo\/ -->\n<title>Observat\u00f3rio do Consumidor analisa o consumo de leite fermentado no p\u00f3s-pandemia | lacteus : Gest\u00e3o para Latic\u00ednios<\/title>\n<meta name=\"robots\" content=\"index, follow, max-snippet:-1, max-image-preview:large, max-video-preview:-1\" \/>\n<link rel=\"canonical\" href=\"https:\/\/lacteus.com.br\/v5\/2023\/08\/o-consumo-de-leite-fermentado-no-pos-pandemia\/\" \/>\n<meta property=\"og:locale\" content=\"pt_BR\" \/>\n<meta property=\"og:type\" content=\"article\" \/>\n<meta property=\"og:title\" content=\"Observat\u00f3rio do Consumidor analisa o consumo de leite fermentado no p\u00f3s-pandemia | lacteus : Gest\u00e3o para Latic\u00ednios\" \/>\n<meta property=\"og:description\" content=\"O leite fermentado integra a categoria de alimentos funcionais, que al\u00e9m das fun\u00e7\u00f5es nutricionais b\u00e1sicas, oferecem outros benef\u00edcios \u00e0 sa\u00fade. Por ter um forte apelo de saudabilidade, a newsletter do Observat\u00f3rio do Consumidor (criado pela Embrapa Gado de Leite) deste m\u00eas buscou entender quem \u00e9 o consumidor deste produto e verificar se houve altera\u00e7\u00e3o em [&hellip;]\" \/>\n<meta property=\"og:url\" content=\"https:\/\/lacteus.com.br\/v5\/2023\/08\/o-consumo-de-leite-fermentado-no-pos-pandemia\/\" \/>\n<meta property=\"og:site_name\" content=\"lacteus : Gest\u00e3o para Latic\u00ednios\" \/>\n<meta property=\"article:publisher\" content=\"https:\/\/www.facebook.com\/lacteusbrasil\" \/>\n<meta property=\"article:published_time\" content=\"2023-08-28T18:11:16+00:00\" \/>\n<meta property=\"article:modified_time\" content=\"2023-08-28T18:12:58+00:00\" \/>\n<meta property=\"og:image\" content=\"https:\/\/lacteus.com.br\/v5\/wp-content\/uploads\/2023\/08\/tab1.jpg\" \/>\n<meta name=\"author\" content=\"Daniel Couri\" \/>\n<meta name=\"twitter:card\" content=\"summary_large_image\" \/>\n<meta name=\"twitter:creator\" content=\"@lacteusbrasil\" \/>\n<meta name=\"twitter:site\" content=\"@lacteusbrasil\" \/>\n<meta name=\"twitter:label1\" content=\"Escrito por\" \/>\n\t<meta name=\"twitter:data1\" content=\"Daniel Couri\" \/>\n\t<meta name=\"twitter:label2\" content=\"Est. tempo de leitura\" \/>\n\t<meta name=\"twitter:data2\" content=\"2 minutos\" \/>\n<script type=\"application\/ld+json\" class=\"yoast-schema-graph\">{\"@context\":\"https:\/\/schema.org\",\"@graph\":[{\"@type\":\"Article\",\"@id\":\"https:\/\/lacteus.com.br\/v5\/2023\/08\/o-consumo-de-leite-fermentado-no-pos-pandemia\/#article\",\"isPartOf\":{\"@id\":\"https:\/\/lacteus.com.br\/v5\/2023\/08\/o-consumo-de-leite-fermentado-no-pos-pandemia\/\"},\"author\":{\"name\":\"Daniel Couri\",\"@id\":\"https:\/\/lacteus.com.br\/v5\/#\/schema\/person\/ddc73f97a34b201fe113dc1664f47663\"},\"headline\":\"Observat\u00f3rio do Consumidor analisa o consumo de leite fermentado no p\u00f3s-pandemia\",\"datePublished\":\"2023-08-28T18:11:16+00:00\",\"dateModified\":\"2023-08-28T18:12:58+00:00\",\"mainEntityOfPage\":{\"@id\":\"https:\/\/lacteus.com.br\/v5\/2023\/08\/o-consumo-de-leite-fermentado-no-pos-pandemia\/\"},\"wordCount\":468,\"commentCount\":0,\"publisher\":{\"@id\":\"https:\/\/lacteus.com.br\/v5\/#organization\"},\"image\":{\"@id\":\"https:\/\/lacteus.com.br\/v5\/2023\/08\/o-consumo-de-leite-fermentado-no-pos-pandemia\/#primaryimage\"},\"thumbnailUrl\":\"https:\/\/lacteus.com.br\/v5\/wp-content\/uploads\/2023\/08\/tab1.jpg\",\"articleSection\":[\"Not\u00edcias\"],\"inLanguage\":\"pt-BR\",\"potentialAction\":[{\"@type\":\"CommentAction\",\"name\":\"Comment\",\"target\":[\"https:\/\/lacteus.com.br\/v5\/2023\/08\/o-consumo-de-leite-fermentado-no-pos-pandemia\/#respond\"]}]},{\"@type\":\"WebPage\",\"@id\":\"https:\/\/lacteus.com.br\/v5\/2023\/08\/o-consumo-de-leite-fermentado-no-pos-pandemia\/\",\"url\":\"https:\/\/lacteus.com.br\/v5\/2023\/08\/o-consumo-de-leite-fermentado-no-pos-pandemia\/\",\"name\":\"Observat\u00f3rio do Consumidor analisa o consumo de leite fermentado no p\u00f3s-pandemia | lacteus : Gest\u00e3o para Latic\u00ednios\",\"isPartOf\":{\"@id\":\"https:\/\/lacteus.com.br\/v5\/#website\"},\"primaryImageOfPage\":{\"@id\":\"https:\/\/lacteus.com.br\/v5\/2023\/08\/o-consumo-de-leite-fermentado-no-pos-pandemia\/#primaryimage\"},\"image\":{\"@id\":\"https:\/\/lacteus.com.br\/v5\/2023\/08\/o-consumo-de-leite-fermentado-no-pos-pandemia\/#primaryimage\"},\"thumbnailUrl\":\"https:\/\/lacteus.com.br\/v5\/wp-content\/uploads\/2023\/08\/tab1.jpg\",\"datePublished\":\"2023-08-28T18:11:16+00:00\",\"dateModified\":\"2023-08-28T18:12:58+00:00\",\"breadcrumb\":{\"@id\":\"https:\/\/lacteus.com.br\/v5\/2023\/08\/o-consumo-de-leite-fermentado-no-pos-pandemia\/#breadcrumb\"},\"inLanguage\":\"pt-BR\",\"potentialAction\":[{\"@type\":\"ReadAction\",\"target\":[\"https:\/\/lacteus.com.br\/v5\/2023\/08\/o-consumo-de-leite-fermentado-no-pos-pandemia\/\"]}]},{\"@type\":\"ImageObject\",\"inLanguage\":\"pt-BR\",\"@id\":\"https:\/\/lacteus.com.br\/v5\/2023\/08\/o-consumo-de-leite-fermentado-no-pos-pandemia\/#primaryimage\",\"url\":\"\",\"contentUrl\":\"\"},{\"@type\":\"BreadcrumbList\",\"@id\":\"https:\/\/lacteus.com.br\/v5\/2023\/08\/o-consumo-de-leite-fermentado-no-pos-pandemia\/#breadcrumb\",\"itemListElement\":[{\"@type\":\"ListItem\",\"position\":1,\"name\":\"In\u00edcio\",\"item\":\"https:\/\/lacteus.com.br\/v5\/\"},{\"@type\":\"ListItem\",\"position\":2,\"name\":\"Observat\u00f3rio do Consumidor analisa o consumo de leite fermentado no p\u00f3s-pandemia\"}]},{\"@type\":\"WebSite\",\"@id\":\"https:\/\/lacteus.com.br\/v5\/#website\",\"url\":\"https:\/\/lacteus.com.br\/v5\/\",\"name\":\"lacteus : Gest\u00e3o para Latic\u00ednios\",\"description\":\"\",\"publisher\":{\"@id\":\"https:\/\/lacteus.com.br\/v5\/#organization\"},\"potentialAction\":[{\"@type\":\"SearchAction\",\"target\":{\"@type\":\"EntryPoint\",\"urlTemplate\":\"https:\/\/lacteus.com.br\/v5\/?s={search_term_string}\"},\"query-input\":{\"@type\":\"PropertyValueSpecification\",\"valueRequired\":true,\"valueName\":\"search_term_string\"}}],\"inLanguage\":\"pt-BR\"},{\"@type\":\"Organization\",\"@id\":\"https:\/\/lacteus.com.br\/v5\/#organization\",\"name\":\"Lacteus Gest\u00e3o para Latic\u00ednios\",\"url\":\"https:\/\/lacteus.com.br\/v5\/\",\"logo\":{\"@type\":\"ImageObject\",\"inLanguage\":\"pt-BR\",\"@id\":\"https:\/\/lacteus.com.br\/v5\/#\/schema\/logo\/image\/\",\"url\":\"https:\/\/lacteus.com.br\/v5\/wp-content\/uploads\/2021\/07\/logo-H-100.png\",\"contentUrl\":\"https:\/\/lacteus.com.br\/v5\/wp-content\/uploads\/2021\/07\/logo-H-100.png\",\"width\":524,\"height\":100,\"caption\":\"Lacteus Gest\u00e3o para Latic\u00ednios\"},\"image\":{\"@id\":\"https:\/\/lacteus.com.br\/v5\/#\/schema\/logo\/image\/\"},\"sameAs\":[\"https:\/\/www.facebook.com\/lacteusbrasil\",\"https:\/\/x.com\/lacteusbrasil\",\"https:\/\/www.instagram.com\/lacteusbrasil\",\"https:\/\/www.linkedin.com\/company\/lacteusbrasil\",\"https:\/\/www.youtube.com\/lacteusbrasil\"]},{\"@type\":\"Person\",\"@id\":\"https:\/\/lacteus.com.br\/v5\/#\/schema\/person\/ddc73f97a34b201fe113dc1664f47663\",\"name\":\"Daniel Couri\",\"image\":{\"@type\":\"ImageObject\",\"inLanguage\":\"pt-BR\",\"@id\":\"https:\/\/lacteus.com.br\/v5\/#\/schema\/person\/image\/\",\"url\":\"https:\/\/secure.gravatar.com\/avatar\/f3d1b137704d5c421cfbaf597096ebfb?s=96&d=mm&r=g\",\"contentUrl\":\"https:\/\/secure.gravatar.com\/avatar\/f3d1b137704d5c421cfbaf597096ebfb?s=96&d=mm&r=g\",\"caption\":\"Daniel Couri\"},\"url\":\"https:\/\/lacteus.com.br\/v5\/author\/comunicacao\/\"}]}<\/script>\n<!-- \/ Yoast SEO plugin. -->","yoast_head_json":{"title":"Observat\u00f3rio do Consumidor analisa o consumo de leite fermentado no p\u00f3s-pandemia | lacteus : Gest\u00e3o para Latic\u00ednios","robots":{"index":"index","follow":"follow","max-snippet":"max-snippet:-1","max-image-preview":"max-image-preview:large","max-video-preview":"max-video-preview:-1"},"canonical":"https:\/\/lacteus.com.br\/v5\/2023\/08\/o-consumo-de-leite-fermentado-no-pos-pandemia\/","og_locale":"pt_BR","og_type":"article","og_title":"Observat\u00f3rio do Consumidor analisa o consumo de leite fermentado no p\u00f3s-pandemia | lacteus : Gest\u00e3o para Latic\u00ednios","og_description":"O leite fermentado integra a categoria de alimentos funcionais, que al\u00e9m das fun\u00e7\u00f5es nutricionais b\u00e1sicas, oferecem outros benef\u00edcios \u00e0 sa\u00fade. Por ter um forte apelo de saudabilidade, a newsletter do Observat\u00f3rio do Consumidor (criado pela Embrapa Gado de Leite) deste m\u00eas buscou entender quem \u00e9 o consumidor deste produto e verificar se houve altera\u00e7\u00e3o em [&hellip;]","og_url":"https:\/\/lacteus.com.br\/v5\/2023\/08\/o-consumo-de-leite-fermentado-no-pos-pandemia\/","og_site_name":"lacteus : Gest\u00e3o para Latic\u00ednios","article_publisher":"https:\/\/www.facebook.com\/lacteusbrasil","article_published_time":"2023-08-28T18:11:16+00:00","article_modified_time":"2023-08-28T18:12:58+00:00","og_image":[{"url":"https:\/\/lacteus.com.br\/v5\/wp-content\/uploads\/2023\/08\/tab1.jpg","type":"","width":"","height":""}],"author":"Daniel Couri","twitter_card":"summary_large_image","twitter_creator":"@lacteusbrasil","twitter_site":"@lacteusbrasil","twitter_misc":{"Escrito por":"Daniel Couri","Est. tempo de leitura":"2 minutos"},"schema":{"@context":"https:\/\/schema.org","@graph":[{"@type":"Article","@id":"https:\/\/lacteus.com.br\/v5\/2023\/08\/o-consumo-de-leite-fermentado-no-pos-pandemia\/#article","isPartOf":{"@id":"https:\/\/lacteus.com.br\/v5\/2023\/08\/o-consumo-de-leite-fermentado-no-pos-pandemia\/"},"author":{"name":"Daniel Couri","@id":"https:\/\/lacteus.com.br\/v5\/#\/schema\/person\/ddc73f97a34b201fe113dc1664f47663"},"headline":"Observat\u00f3rio do Consumidor analisa o consumo de leite fermentado no p\u00f3s-pandemia","datePublished":"2023-08-28T18:11:16+00:00","dateModified":"2023-08-28T18:12:58+00:00","mainEntityOfPage":{"@id":"https:\/\/lacteus.com.br\/v5\/2023\/08\/o-consumo-de-leite-fermentado-no-pos-pandemia\/"},"wordCount":468,"commentCount":0,"publisher":{"@id":"https:\/\/lacteus.com.br\/v5\/#organization"},"image":{"@id":"https:\/\/lacteus.com.br\/v5\/2023\/08\/o-consumo-de-leite-fermentado-no-pos-pandemia\/#primaryimage"},"thumbnailUrl":"https:\/\/lacteus.com.br\/v5\/wp-content\/uploads\/2023\/08\/tab1.jpg","articleSection":["Not\u00edcias"],"inLanguage":"pt-BR","potentialAction":[{"@type":"CommentAction","name":"Comment","target":["https:\/\/lacteus.com.br\/v5\/2023\/08\/o-consumo-de-leite-fermentado-no-pos-pandemia\/#respond"]}]},{"@type":"WebPage","@id":"https:\/\/lacteus.com.br\/v5\/2023\/08\/o-consumo-de-leite-fermentado-no-pos-pandemia\/","url":"https:\/\/lacteus.com.br\/v5\/2023\/08\/o-consumo-de-leite-fermentado-no-pos-pandemia\/","name":"Observat\u00f3rio do Consumidor analisa o consumo de leite fermentado no p\u00f3s-pandemia | lacteus : Gest\u00e3o para Latic\u00ednios","isPartOf":{"@id":"https:\/\/lacteus.com.br\/v5\/#website"},"primaryImageOfPage":{"@id":"https:\/\/lacteus.com.br\/v5\/2023\/08\/o-consumo-de-leite-fermentado-no-pos-pandemia\/#primaryimage"},"image":{"@id":"https:\/\/lacteus.com.br\/v5\/2023\/08\/o-consumo-de-leite-fermentado-no-pos-pandemia\/#primaryimage"},"thumbnailUrl":"https:\/\/lacteus.com.br\/v5\/wp-content\/uploads\/2023\/08\/tab1.jpg","datePublished":"2023-08-28T18:11:16+00:00","dateModified":"2023-08-28T18:12:58+00:00","breadcrumb":{"@id":"https:\/\/lacteus.com.br\/v5\/2023\/08\/o-consumo-de-leite-fermentado-no-pos-pandemia\/#breadcrumb"},"inLanguage":"pt-BR","potentialAction":[{"@type":"ReadAction","target":["https:\/\/lacteus.com.br\/v5\/2023\/08\/o-consumo-de-leite-fermentado-no-pos-pandemia\/"]}]},{"@type":"ImageObject","inLanguage":"pt-BR","@id":"https:\/\/lacteus.com.br\/v5\/2023\/08\/o-consumo-de-leite-fermentado-no-pos-pandemia\/#primaryimage","url":"","contentUrl":""},{"@type":"BreadcrumbList","@id":"https:\/\/lacteus.com.br\/v5\/2023\/08\/o-consumo-de-leite-fermentado-no-pos-pandemia\/#breadcrumb","itemListElement":[{"@type":"ListItem","position":1,"name":"In\u00edcio","item":"https:\/\/lacteus.com.br\/v5\/"},{"@type":"ListItem","position":2,"name":"Observat\u00f3rio do Consumidor analisa o consumo de leite fermentado no p\u00f3s-pandemia"}]},{"@type":"WebSite","@id":"https:\/\/lacteus.com.br\/v5\/#website","url":"https:\/\/lacteus.com.br\/v5\/","name":"lacteus : Gest\u00e3o para Latic\u00ednios","description":"","publisher":{"@id":"https:\/\/lacteus.com.br\/v5\/#organization"},"potentialAction":[{"@type":"SearchAction","target":{"@type":"EntryPoint","urlTemplate":"https:\/\/lacteus.com.br\/v5\/?s={search_term_string}"},"query-input":{"@type":"PropertyValueSpecification","valueRequired":true,"valueName":"search_term_string"}}],"inLanguage":"pt-BR"},{"@type":"Organization","@id":"https:\/\/lacteus.com.br\/v5\/#organization","name":"Lacteus Gest\u00e3o para Latic\u00ednios","url":"https:\/\/lacteus.com.br\/v5\/","logo":{"@type":"ImageObject","inLanguage":"pt-BR","@id":"https:\/\/lacteus.com.br\/v5\/#\/schema\/logo\/image\/","url":"https:\/\/lacteus.com.br\/v5\/wp-content\/uploads\/2021\/07\/logo-H-100.png","contentUrl":"https:\/\/lacteus.com.br\/v5\/wp-content\/uploads\/2021\/07\/logo-H-100.png","width":524,"height":100,"caption":"Lacteus Gest\u00e3o para Latic\u00ednios"},"image":{"@id":"https:\/\/lacteus.com.br\/v5\/#\/schema\/logo\/image\/"},"sameAs":["https:\/\/www.facebook.com\/lacteusbrasil","https:\/\/x.com\/lacteusbrasil","https:\/\/www.instagram.com\/lacteusbrasil","https:\/\/www.linkedin.com\/company\/lacteusbrasil","https:\/\/www.youtube.com\/lacteusbrasil"]},{"@type":"Person","@id":"https:\/\/lacteus.com.br\/v5\/#\/schema\/person\/ddc73f97a34b201fe113dc1664f47663","name":"Daniel Couri","image":{"@type":"ImageObject","inLanguage":"pt-BR","@id":"https:\/\/lacteus.com.br\/v5\/#\/schema\/person\/image\/","url":"https:\/\/secure.gravatar.com\/avatar\/f3d1b137704d5c421cfbaf597096ebfb?s=96&d=mm&r=g","contentUrl":"https:\/\/secure.gravatar.com\/avatar\/f3d1b137704d5c421cfbaf597096ebfb?s=96&d=mm&r=g","caption":"Daniel Couri"},"url":"https:\/\/lacteus.com.br\/v5\/author\/comunicacao\/"}]}},"_links":{"self":[{"href":"https:\/\/lacteus.com.br\/v5\/wp-json\/wp\/v2\/posts\/58328","targetHints":{"allow":["GET"]}}],"collection":[{"href":"https:\/\/lacteus.com.br\/v5\/wp-json\/wp\/v2\/posts"}],"about":[{"href":"https:\/\/lacteus.com.br\/v5\/wp-json\/wp\/v2\/types\/post"}],"author":[{"embeddable":true,"href":"https:\/\/lacteus.com.br\/v5\/wp-json\/wp\/v2\/users\/2"}],"replies":[{"embeddable":true,"href":"https:\/\/lacteus.com.br\/v5\/wp-json\/wp\/v2\/comments?post=58328"}],"version-history":[{"count":3,"href":"https:\/\/lacteus.com.br\/v5\/wp-json\/wp\/v2\/posts\/58328\/revisions"}],"predecessor-version":[{"id":58333,"href":"https:\/\/lacteus.com.br\/v5\/wp-json\/wp\/v2\/posts\/58328\/revisions\/58333"}],"wp:attachment":[{"href":"https:\/\/lacteus.com.br\/v5\/wp-json\/wp\/v2\/media?parent=58328"}],"wp:term":[{"taxonomy":"category","embeddable":true,"href":"https:\/\/lacteus.com.br\/v5\/wp-json\/wp\/v2\/categories?post=58328"},{"taxonomy":"post_tag","embeddable":true,"href":"https:\/\/lacteus.com.br\/v5\/wp-json\/wp\/v2\/tags?post=58328"}],"curies":[{"name":"wp","href":"https:\/\/api.w.org\/{rel}","templated":true}]}}