{"id":57916,"date":"2022-12-08T13:59:13","date_gmt":"2022-12-08T16:59:13","guid":{"rendered":"https:\/\/lacteus.com.br\/v5\/?p=57916"},"modified":"2022-12-08T14:03:26","modified_gmt":"2022-12-08T17:03:26","slug":"festa-com-o-maior-queijo-ja-produzido-na-regiao-do-rj","status":"publish","type":"post","link":"https:\/\/lacteus.com.br\/v5\/2022\/12\/festa-com-o-maior-queijo-ja-produzido-na-regiao-do-rj\/","title":{"rendered":"Festa com o maior queijo j\u00e1 produzido na regi\u00e3o do RJ"},"content":{"rendered":"\n<p>A Regi\u00e3o Norte de Campos (RJ) vai estar movimentada este fim de semana. No s\u00e1bado (10) e no domingo (11) tem Festa do Queijo de Esp\u00edrito Santinho, evento que conta com o apoio da Prefeitura, por meio da Secretaria de Agricultura, Pecu\u00e1ria e Pesca.<\/p>\n\n\n\n<p>Nos dois dias, al\u00e9m de shows, haver\u00e1 exposi\u00e7\u00e3o e venda de diferentes tipos de queijos, leites e derivados, todos produzidos no munic\u00edpio. Os pontos mais esperados da festa s\u00e3o a homenagem aos produtores e a partilha de um queijo gigante especial, produzido com mil litros de leite.<\/p>\n\n\n\n<p>A III Festa do Queijo, ligada \u00e0 agricultura familiar, est\u00e1 sendo organizada pela Associa\u00e7\u00e3o de Moradores de Esp\u00edrito Santinho (Amores) em parceria com a Emater-RJ, da Secretaria Estadual de Agricultura, Pecu\u00e1ria, Pesca e Abastecimento.<\/p>\n\n\n\n<p>&#8220;A Festa do Queijo de Esp\u00edrito Santinho est\u00e1 sendo retomada depois de dois anos de pandemia e vai ter total apoio da Prefeitura&#8221;, explica Wagner Crespo, presidente da Amores. &#8220;\u00c9 um evento que traz qualidade ao debate sobre o setor produtivo, sobre o aperfei\u00e7oamento da produ\u00e7\u00e3o agr\u00edcola e, principalmente, sobre a import\u00e2ncia de termos novos produtos para agregar valor \u00e0 produ\u00e7\u00e3o.&#8221;<\/p>\n\n\n\n<p>Latic\u00ednios e queijarias recebem a aten\u00e7\u00e3o da Secretaria de Agricultura, Pecu\u00e1ria e Pesca, por meio de equipes do Servi\u00e7o de Inspe\u00e7\u00e3o Municipal (SIM). Produtores da agricultura familiar tamb\u00e9m t\u00eam acesso a cursos e capacita\u00e7\u00f5es, para o uso de t\u00e9cnicas e novas tecnologias que agreguem valor a suas produ\u00e7\u00f5es, al\u00e9m de orienta\u00e7\u00e3o para a regulariza\u00e7\u00e3o fundi\u00e1ria e organiza\u00e7\u00e3o de associa\u00e7\u00f5es agr\u00edcolas.<\/p>\n\n\n\n<div style=\"height:27px\" aria-hidden=\"true\" class=\"wp-block-spacer\"><\/div>\n\n\n\n<p>Fonte: <a href=\"https:\/\/www.jornalterceiravia.com.br\/2022\/12\/07\/festa-de-espirito-santinho-com-o-maior-queijo-ja-produzido-na-regiao\/\" target=\"_blank\" rel=\"noreferrer noopener\">Jornal Terceira Via<\/a> (adaptado)<\/p>\n","protected":false},"excerpt":{"rendered":"<p>A Regi\u00e3o Norte de Campos (RJ) vai estar movimentada este fim de semana. No s\u00e1bado (10) e no domingo (11) tem Festa do Queijo de Esp\u00edrito Santinho, evento que conta com o apoio da Prefeitura, por meio da Secretaria de Agricultura, Pecu\u00e1ria e Pesca. Nos dois dias, al\u00e9m de shows, haver\u00e1 exposi\u00e7\u00e3o e venda de [&hellip;]<\/p>\n","protected":false},"author":2,"featured_media":0,"comment_status":"open","ping_status":"open","sticky":false,"template":"","format":"standard","meta":{"footnotes":""},"categories":[525],"tags":[],"class_list":["post-57916","post","type-post","status-publish","format-standard","hentry","category-noticias"],"yoast_head":"<!-- This site is optimized with the Yoast SEO plugin v24.5 - https:\/\/yoast.com\/wordpress\/plugins\/seo\/ -->\n<title>Festa com o maior queijo j\u00e1 produzido na regi\u00e3o do RJ | lacteus : Gest\u00e3o para Latic\u00ednios<\/title>\n<meta name=\"robots\" content=\"index, follow, max-snippet:-1, max-image-preview:large, max-video-preview:-1\" \/>\n<link rel=\"canonical\" href=\"https:\/\/lacteus.com.br\/v5\/2022\/12\/festa-com-o-maior-queijo-ja-produzido-na-regiao-do-rj\/\" \/>\n<meta property=\"og:locale\" content=\"pt_BR\" \/>\n<meta property=\"og:type\" content=\"article\" \/>\n<meta property=\"og:title\" content=\"Festa com o maior queijo j\u00e1 produzido na regi\u00e3o do RJ | lacteus : Gest\u00e3o para Latic\u00ednios\" \/>\n<meta property=\"og:description\" content=\"A Regi\u00e3o Norte de Campos (RJ) vai estar movimentada este fim de semana. No s\u00e1bado (10) e no domingo (11) tem Festa do Queijo de Esp\u00edrito Santinho, evento que conta com o apoio da Prefeitura, por meio da Secretaria de Agricultura, Pecu\u00e1ria e Pesca. Nos dois dias, al\u00e9m de shows, haver\u00e1 exposi\u00e7\u00e3o e venda de [&hellip;]\" \/>\n<meta property=\"og:url\" content=\"https:\/\/lacteus.com.br\/v5\/2022\/12\/festa-com-o-maior-queijo-ja-produzido-na-regiao-do-rj\/\" \/>\n<meta property=\"og:site_name\" content=\"lacteus : Gest\u00e3o para Latic\u00ednios\" \/>\n<meta property=\"article:publisher\" content=\"https:\/\/www.facebook.com\/lacteusbrasil\" \/>\n<meta property=\"article:published_time\" content=\"2022-12-08T16:59:13+00:00\" \/>\n<meta property=\"article:modified_time\" content=\"2022-12-08T17:03:26+00:00\" \/>\n<meta name=\"author\" content=\"Daniel Couri\" \/>\n<meta name=\"twitter:card\" content=\"summary_large_image\" \/>\n<meta name=\"twitter:creator\" content=\"@lacteusbrasil\" \/>\n<meta name=\"twitter:site\" content=\"@lacteusbrasil\" \/>\n<meta name=\"twitter:label1\" content=\"Escrito por\" \/>\n\t<meta name=\"twitter:data1\" content=\"Daniel Couri\" \/>\n\t<meta name=\"twitter:label2\" content=\"Est. tempo de leitura\" \/>\n\t<meta name=\"twitter:data2\" content=\"1 minuto\" \/>\n<script type=\"application\/ld+json\" class=\"yoast-schema-graph\">{\"@context\":\"https:\/\/schema.org\",\"@graph\":[{\"@type\":\"Article\",\"@id\":\"https:\/\/lacteus.com.br\/v5\/2022\/12\/festa-com-o-maior-queijo-ja-produzido-na-regiao-do-rj\/#article\",\"isPartOf\":{\"@id\":\"https:\/\/lacteus.com.br\/v5\/2022\/12\/festa-com-o-maior-queijo-ja-produzido-na-regiao-do-rj\/\"},\"author\":{\"name\":\"Daniel Couri\",\"@id\":\"https:\/\/lacteus.com.br\/v5\/#\/schema\/person\/ddc73f97a34b201fe113dc1664f47663\"},\"headline\":\"Festa com o maior queijo j\u00e1 produzido na regi\u00e3o do RJ\",\"datePublished\":\"2022-12-08T16:59:13+00:00\",\"dateModified\":\"2022-12-08T17:03:26+00:00\",\"mainEntityOfPage\":{\"@id\":\"https:\/\/lacteus.com.br\/v5\/2022\/12\/festa-com-o-maior-queijo-ja-produzido-na-regiao-do-rj\/\"},\"wordCount\":292,\"commentCount\":0,\"publisher\":{\"@id\":\"https:\/\/lacteus.com.br\/v5\/#organization\"},\"articleSection\":[\"Not\u00edcias\"],\"inLanguage\":\"pt-BR\",\"potentialAction\":[{\"@type\":\"CommentAction\",\"name\":\"Comment\",\"target\":[\"https:\/\/lacteus.com.br\/v5\/2022\/12\/festa-com-o-maior-queijo-ja-produzido-na-regiao-do-rj\/#respond\"]}]},{\"@type\":\"WebPage\",\"@id\":\"https:\/\/lacteus.com.br\/v5\/2022\/12\/festa-com-o-maior-queijo-ja-produzido-na-regiao-do-rj\/\",\"url\":\"https:\/\/lacteus.com.br\/v5\/2022\/12\/festa-com-o-maior-queijo-ja-produzido-na-regiao-do-rj\/\",\"name\":\"Festa com o maior queijo j\u00e1 produzido na regi\u00e3o do RJ | lacteus : Gest\u00e3o para Latic\u00ednios\",\"isPartOf\":{\"@id\":\"https:\/\/lacteus.com.br\/v5\/#website\"},\"datePublished\":\"2022-12-08T16:59:13+00:00\",\"dateModified\":\"2022-12-08T17:03:26+00:00\",\"breadcrumb\":{\"@id\":\"https:\/\/lacteus.com.br\/v5\/2022\/12\/festa-com-o-maior-queijo-ja-produzido-na-regiao-do-rj\/#breadcrumb\"},\"inLanguage\":\"pt-BR\",\"potentialAction\":[{\"@type\":\"ReadAction\",\"target\":[\"https:\/\/lacteus.com.br\/v5\/2022\/12\/festa-com-o-maior-queijo-ja-produzido-na-regiao-do-rj\/\"]}]},{\"@type\":\"BreadcrumbList\",\"@id\":\"https:\/\/lacteus.com.br\/v5\/2022\/12\/festa-com-o-maior-queijo-ja-produzido-na-regiao-do-rj\/#breadcrumb\",\"itemListElement\":[{\"@type\":\"ListItem\",\"position\":1,\"name\":\"In\u00edcio\",\"item\":\"https:\/\/lacteus.com.br\/v5\/\"},{\"@type\":\"ListItem\",\"position\":2,\"name\":\"Festa com o maior queijo j\u00e1 produzido na regi\u00e3o do RJ\"}]},{\"@type\":\"WebSite\",\"@id\":\"https:\/\/lacteus.com.br\/v5\/#website\",\"url\":\"https:\/\/lacteus.com.br\/v5\/\",\"name\":\"lacteus : Gest\u00e3o para Latic\u00ednios\",\"description\":\"\",\"publisher\":{\"@id\":\"https:\/\/lacteus.com.br\/v5\/#organization\"},\"potentialAction\":[{\"@type\":\"SearchAction\",\"target\":{\"@type\":\"EntryPoint\",\"urlTemplate\":\"https:\/\/lacteus.com.br\/v5\/?s={search_term_string}\"},\"query-input\":{\"@type\":\"PropertyValueSpecification\",\"valueRequired\":true,\"valueName\":\"search_term_string\"}}],\"inLanguage\":\"pt-BR\"},{\"@type\":\"Organization\",\"@id\":\"https:\/\/lacteus.com.br\/v5\/#organization\",\"name\":\"Lacteus Gest\u00e3o para Latic\u00ednios\",\"url\":\"https:\/\/lacteus.com.br\/v5\/\",\"logo\":{\"@type\":\"ImageObject\",\"inLanguage\":\"pt-BR\",\"@id\":\"https:\/\/lacteus.com.br\/v5\/#\/schema\/logo\/image\/\",\"url\":\"https:\/\/lacteus.com.br\/v5\/wp-content\/uploads\/2021\/07\/logo-H-100.png\",\"contentUrl\":\"https:\/\/lacteus.com.br\/v5\/wp-content\/uploads\/2021\/07\/logo-H-100.png\",\"width\":524,\"height\":100,\"caption\":\"Lacteus Gest\u00e3o para Latic\u00ednios\"},\"image\":{\"@id\":\"https:\/\/lacteus.com.br\/v5\/#\/schema\/logo\/image\/\"},\"sameAs\":[\"https:\/\/www.facebook.com\/lacteusbrasil\",\"https:\/\/x.com\/lacteusbrasil\",\"https:\/\/www.instagram.com\/lacteusbrasil\",\"https:\/\/www.linkedin.com\/company\/lacteusbrasil\",\"https:\/\/www.youtube.com\/lacteusbrasil\"]},{\"@type\":\"Person\",\"@id\":\"https:\/\/lacteus.com.br\/v5\/#\/schema\/person\/ddc73f97a34b201fe113dc1664f47663\",\"name\":\"Daniel Couri\",\"image\":{\"@type\":\"ImageObject\",\"inLanguage\":\"pt-BR\",\"@id\":\"https:\/\/lacteus.com.br\/v5\/#\/schema\/person\/image\/\",\"url\":\"https:\/\/secure.gravatar.com\/avatar\/f3d1b137704d5c421cfbaf597096ebfb?s=96&d=mm&r=g\",\"contentUrl\":\"https:\/\/secure.gravatar.com\/avatar\/f3d1b137704d5c421cfbaf597096ebfb?s=96&d=mm&r=g\",\"caption\":\"Daniel Couri\"},\"url\":\"https:\/\/lacteus.com.br\/v5\/author\/comunicacao\/\"}]}<\/script>\n<!-- \/ Yoast SEO plugin. -->","yoast_head_json":{"title":"Festa com o maior queijo j\u00e1 produzido na regi\u00e3o do RJ | lacteus : Gest\u00e3o para Latic\u00ednios","robots":{"index":"index","follow":"follow","max-snippet":"max-snippet:-1","max-image-preview":"max-image-preview:large","max-video-preview":"max-video-preview:-1"},"canonical":"https:\/\/lacteus.com.br\/v5\/2022\/12\/festa-com-o-maior-queijo-ja-produzido-na-regiao-do-rj\/","og_locale":"pt_BR","og_type":"article","og_title":"Festa com o maior queijo j\u00e1 produzido na regi\u00e3o do RJ | lacteus : Gest\u00e3o para Latic\u00ednios","og_description":"A Regi\u00e3o Norte de Campos (RJ) vai estar movimentada este fim de semana. No s\u00e1bado (10) e no domingo (11) tem Festa do Queijo de Esp\u00edrito Santinho, evento que conta com o apoio da Prefeitura, por meio da Secretaria de Agricultura, Pecu\u00e1ria e Pesca. Nos dois dias, al\u00e9m de shows, haver\u00e1 exposi\u00e7\u00e3o e venda de [&hellip;]","og_url":"https:\/\/lacteus.com.br\/v5\/2022\/12\/festa-com-o-maior-queijo-ja-produzido-na-regiao-do-rj\/","og_site_name":"lacteus : Gest\u00e3o para Latic\u00ednios","article_publisher":"https:\/\/www.facebook.com\/lacteusbrasil","article_published_time":"2022-12-08T16:59:13+00:00","article_modified_time":"2022-12-08T17:03:26+00:00","author":"Daniel Couri","twitter_card":"summary_large_image","twitter_creator":"@lacteusbrasil","twitter_site":"@lacteusbrasil","twitter_misc":{"Escrito por":"Daniel Couri","Est. tempo de leitura":"1 minuto"},"schema":{"@context":"https:\/\/schema.org","@graph":[{"@type":"Article","@id":"https:\/\/lacteus.com.br\/v5\/2022\/12\/festa-com-o-maior-queijo-ja-produzido-na-regiao-do-rj\/#article","isPartOf":{"@id":"https:\/\/lacteus.com.br\/v5\/2022\/12\/festa-com-o-maior-queijo-ja-produzido-na-regiao-do-rj\/"},"author":{"name":"Daniel Couri","@id":"https:\/\/lacteus.com.br\/v5\/#\/schema\/person\/ddc73f97a34b201fe113dc1664f47663"},"headline":"Festa com o maior queijo j\u00e1 produzido na regi\u00e3o do RJ","datePublished":"2022-12-08T16:59:13+00:00","dateModified":"2022-12-08T17:03:26+00:00","mainEntityOfPage":{"@id":"https:\/\/lacteus.com.br\/v5\/2022\/12\/festa-com-o-maior-queijo-ja-produzido-na-regiao-do-rj\/"},"wordCount":292,"commentCount":0,"publisher":{"@id":"https:\/\/lacteus.com.br\/v5\/#organization"},"articleSection":["Not\u00edcias"],"inLanguage":"pt-BR","potentialAction":[{"@type":"CommentAction","name":"Comment","target":["https:\/\/lacteus.com.br\/v5\/2022\/12\/festa-com-o-maior-queijo-ja-produzido-na-regiao-do-rj\/#respond"]}]},{"@type":"WebPage","@id":"https:\/\/lacteus.com.br\/v5\/2022\/12\/festa-com-o-maior-queijo-ja-produzido-na-regiao-do-rj\/","url":"https:\/\/lacteus.com.br\/v5\/2022\/12\/festa-com-o-maior-queijo-ja-produzido-na-regiao-do-rj\/","name":"Festa com o maior queijo j\u00e1 produzido na regi\u00e3o do RJ | lacteus : Gest\u00e3o para Latic\u00ednios","isPartOf":{"@id":"https:\/\/lacteus.com.br\/v5\/#website"},"datePublished":"2022-12-08T16:59:13+00:00","dateModified":"2022-12-08T17:03:26+00:00","breadcrumb":{"@id":"https:\/\/lacteus.com.br\/v5\/2022\/12\/festa-com-o-maior-queijo-ja-produzido-na-regiao-do-rj\/#breadcrumb"},"inLanguage":"pt-BR","potentialAction":[{"@type":"ReadAction","target":["https:\/\/lacteus.com.br\/v5\/2022\/12\/festa-com-o-maior-queijo-ja-produzido-na-regiao-do-rj\/"]}]},{"@type":"BreadcrumbList","@id":"https:\/\/lacteus.com.br\/v5\/2022\/12\/festa-com-o-maior-queijo-ja-produzido-na-regiao-do-rj\/#breadcrumb","itemListElement":[{"@type":"ListItem","position":1,"name":"In\u00edcio","item":"https:\/\/lacteus.com.br\/v5\/"},{"@type":"ListItem","position":2,"name":"Festa com o maior queijo j\u00e1 produzido na regi\u00e3o do RJ"}]},{"@type":"WebSite","@id":"https:\/\/lacteus.com.br\/v5\/#website","url":"https:\/\/lacteus.com.br\/v5\/","name":"lacteus : Gest\u00e3o para Latic\u00ednios","description":"","publisher":{"@id":"https:\/\/lacteus.com.br\/v5\/#organization"},"potentialAction":[{"@type":"SearchAction","target":{"@type":"EntryPoint","urlTemplate":"https:\/\/lacteus.com.br\/v5\/?s={search_term_string}"},"query-input":{"@type":"PropertyValueSpecification","valueRequired":true,"valueName":"search_term_string"}}],"inLanguage":"pt-BR"},{"@type":"Organization","@id":"https:\/\/lacteus.com.br\/v5\/#organization","name":"Lacteus Gest\u00e3o para Latic\u00ednios","url":"https:\/\/lacteus.com.br\/v5\/","logo":{"@type":"ImageObject","inLanguage":"pt-BR","@id":"https:\/\/lacteus.com.br\/v5\/#\/schema\/logo\/image\/","url":"https:\/\/lacteus.com.br\/v5\/wp-content\/uploads\/2021\/07\/logo-H-100.png","contentUrl":"https:\/\/lacteus.com.br\/v5\/wp-content\/uploads\/2021\/07\/logo-H-100.png","width":524,"height":100,"caption":"Lacteus Gest\u00e3o para Latic\u00ednios"},"image":{"@id":"https:\/\/lacteus.com.br\/v5\/#\/schema\/logo\/image\/"},"sameAs":["https:\/\/www.facebook.com\/lacteusbrasil","https:\/\/x.com\/lacteusbrasil","https:\/\/www.instagram.com\/lacteusbrasil","https:\/\/www.linkedin.com\/company\/lacteusbrasil","https:\/\/www.youtube.com\/lacteusbrasil"]},{"@type":"Person","@id":"https:\/\/lacteus.com.br\/v5\/#\/schema\/person\/ddc73f97a34b201fe113dc1664f47663","name":"Daniel Couri","image":{"@type":"ImageObject","inLanguage":"pt-BR","@id":"https:\/\/lacteus.com.br\/v5\/#\/schema\/person\/image\/","url":"https:\/\/secure.gravatar.com\/avatar\/f3d1b137704d5c421cfbaf597096ebfb?s=96&d=mm&r=g","contentUrl":"https:\/\/secure.gravatar.com\/avatar\/f3d1b137704d5c421cfbaf597096ebfb?s=96&d=mm&r=g","caption":"Daniel Couri"},"url":"https:\/\/lacteus.com.br\/v5\/author\/comunicacao\/"}]}},"_links":{"self":[{"href":"https:\/\/lacteus.com.br\/v5\/wp-json\/wp\/v2\/posts\/57916","targetHints":{"allow":["GET"]}}],"collection":[{"href":"https:\/\/lacteus.com.br\/v5\/wp-json\/wp\/v2\/posts"}],"about":[{"href":"https:\/\/lacteus.com.br\/v5\/wp-json\/wp\/v2\/types\/post"}],"author":[{"embeddable":true,"href":"https:\/\/lacteus.com.br\/v5\/wp-json\/wp\/v2\/users\/2"}],"replies":[{"embeddable":true,"href":"https:\/\/lacteus.com.br\/v5\/wp-json\/wp\/v2\/comments?post=57916"}],"version-history":[{"count":2,"href":"https:\/\/lacteus.com.br\/v5\/wp-json\/wp\/v2\/posts\/57916\/revisions"}],"predecessor-version":[{"id":57918,"href":"https:\/\/lacteus.com.br\/v5\/wp-json\/wp\/v2\/posts\/57916\/revisions\/57918"}],"wp:attachment":[{"href":"https:\/\/lacteus.com.br\/v5\/wp-json\/wp\/v2\/media?parent=57916"}],"wp:term":[{"taxonomy":"category","embeddable":true,"href":"https:\/\/lacteus.com.br\/v5\/wp-json\/wp\/v2\/categories?post=57916"},{"taxonomy":"post_tag","embeddable":true,"href":"https:\/\/lacteus.com.br\/v5\/wp-json\/wp\/v2\/tags?post=57916"}],"curies":[{"name":"wp","href":"https:\/\/api.w.org\/{rel}","templated":true}]}}