{"id":57913,"date":"2022-12-07T14:02:36","date_gmt":"2022-12-07T17:02:36","guid":{"rendered":"https:\/\/lacteus.com.br\/v5\/?p=57913"},"modified":"2022-12-07T14:02:38","modified_gmt":"2022-12-07T17:02:38","slug":"preco-pago-ao-produtor-tem-recuo-de-8-61-em-mt","status":"publish","type":"post","link":"https:\/\/lacteus.com.br\/v5\/2022\/12\/preco-pago-ao-produtor-tem-recuo-de-8-61-em-mt\/","title":{"rendered":"Pre\u00e7o pago ao produtor tem recuo de 8.61% em MT"},"content":{"rendered":"\n<p>Capta\u00e7\u00e3o de leite\/MT &#8211; Com a chegada das chuvas na maior parte das regi\u00f5es do pa\u00eds, o volume de leite captado no Brasil no 3\u00ba tri.22 subiu 11,27% ante o 2\u00ba tri.22 e totalizou 5,99 bilh\u00f5es de litros de leite, segundo a estimativa pr\u00e9via do IBGE na Pesquisa Trimestral do Leite (PTL).<\/p>\n\n\n\n<p>Esse resultado encerra um ciclo de queda, visto que, nos trimestres anteriores, o volume captado recuou expressivamente, com queda de 8,31% entre o 1\u00ba tri.22 e o 4\u00ba tri.21 e de 8,39% entre o 2\u00ba tri.22 e o 1\u00ba tri.22. No entanto, ainda \u00e9 necess\u00e1rio cautela entre os agentes da cadeia, pois os patamares de oferta no campo ainda est\u00e3o aqu\u00e9m aos do mesmo per\u00edodo de 2021, com recuo de 3,37% entre o 3\u00ba tri.22 e o 3\u00ba tri.21. Nesse cen\u00e1rio de melhora na oferta de leite, o pre\u00e7o pago ao produtor em nov.22 voltou a recuar e apresentou queda de 8,61% ante a out.22, com pre\u00e7o m\u00e9dio de R$ 2,63\/litro em Mato Grosso, e deve continuar em tend\u00eancia baixista com o avan\u00e7o do per\u00edodo de safra na atividade leiteira.<\/p>\n\n\n\n<p>RECUO: diante da queda no pre\u00e7o da mat\u00e9ria-prima, o queijo mu\u00e7arela em MT caiu 3,87% entre out.22 e set.22 e ficou cotada em m\u00e9dia a R$ 32,52\/kg.<\/p>\n\n\n\n<p>AVAN\u00c7O: o \u00edndice de capta\u00e7\u00e3o do leite em MT subiu 20,79% no comparativo mensal e fechou em 50,84 em out.22, reflexo do retorno das chuvas no estado e melhora das pastagens<\/p>\n\n\n\n<p>QUEDA: a balan\u00e7a comercial de l\u00e1cteos recuou 12,64% ante a set.22 e totalizou US$ 87,91 milh\u00f5es em out.22, devido \u00e0 queda de 13,49% nas importa\u00e7\u00f5es.<\/p>\n\n\n\n<div style=\"height:19px\" aria-hidden=\"true\" class=\"wp-block-spacer\"><\/div>\n\n\n\n<div class=\"wp-block-image\"><figure class=\"aligncenter size-large is-resized\"><img fetchpriority=\"high\" decoding=\"async\" src=\"https:\/\/lacteus.com.br\/v5\/wp-content\/uploads\/2022\/12\/MATERIA.jpg\" alt=\"\" class=\"wp-image-57914\" width=\"479\" height=\"329\" srcset=\"https:\/\/lacteus.com.br\/v5\/wp-content\/uploads\/2022\/12\/MATERIA.jpg 398w, https:\/\/lacteus.com.br\/v5\/wp-content\/uploads\/2022\/12\/MATERIA-300x206.jpg 300w\" sizes=\"(max-width: 479px) 100vw, 479px\" \/><\/figure><\/div>\n\n\n\n<p>Fonte: <a href=\"https:\/\/imea.com.br\/imea-site\/arquivo-externo?categoria=relatorio-de-mercado&amp;arquivo=bm-leite&amp;numeropublicacao=127\" target=\"_blank\" rel=\"noreferrer noopener\">IMEA<\/a><\/p>\n","protected":false},"excerpt":{"rendered":"<p>Capta\u00e7\u00e3o de leite\/MT &#8211; Com a chegada das chuvas na maior parte das regi\u00f5es do pa\u00eds, o volume de leite captado no Brasil no 3\u00ba tri.22 subiu 11,27% ante o 2\u00ba tri.22 e totalizou 5,99 bilh\u00f5es de litros de leite, segundo a estimativa pr\u00e9via do IBGE na Pesquisa Trimestral do Leite (PTL). Esse resultado encerra [&hellip;]<\/p>\n","protected":false},"author":2,"featured_media":0,"comment_status":"open","ping_status":"open","sticky":false,"template":"","format":"standard","meta":{"footnotes":""},"categories":[525],"tags":[],"class_list":["post-57913","post","type-post","status-publish","format-standard","hentry","category-noticias"],"yoast_head":"<!-- This site is optimized with the Yoast SEO plugin v24.5 - https:\/\/yoast.com\/wordpress\/plugins\/seo\/ -->\n<title>Pre\u00e7o pago ao produtor tem recuo de 8.61% em MT | lacteus : Gest\u00e3o para Latic\u00ednios<\/title>\n<meta name=\"robots\" content=\"index, follow, max-snippet:-1, max-image-preview:large, max-video-preview:-1\" \/>\n<link rel=\"canonical\" href=\"https:\/\/lacteus.com.br\/v5\/2022\/12\/preco-pago-ao-produtor-tem-recuo-de-8-61-em-mt\/\" \/>\n<meta property=\"og:locale\" content=\"pt_BR\" \/>\n<meta property=\"og:type\" content=\"article\" \/>\n<meta property=\"og:title\" content=\"Pre\u00e7o pago ao produtor tem recuo de 8.61% em MT | lacteus : Gest\u00e3o para Latic\u00ednios\" \/>\n<meta property=\"og:description\" content=\"Capta\u00e7\u00e3o de leite\/MT &#8211; Com a chegada das chuvas na maior parte das regi\u00f5es do pa\u00eds, o volume de leite captado no Brasil no 3\u00ba tri.22 subiu 11,27% ante o 2\u00ba tri.22 e totalizou 5,99 bilh\u00f5es de litros de leite, segundo a estimativa pr\u00e9via do IBGE na Pesquisa Trimestral do Leite (PTL). Esse resultado encerra [&hellip;]\" \/>\n<meta property=\"og:url\" content=\"https:\/\/lacteus.com.br\/v5\/2022\/12\/preco-pago-ao-produtor-tem-recuo-de-8-61-em-mt\/\" \/>\n<meta property=\"og:site_name\" content=\"lacteus : Gest\u00e3o para Latic\u00ednios\" \/>\n<meta property=\"article:publisher\" content=\"https:\/\/www.facebook.com\/lacteusbrasil\" \/>\n<meta property=\"article:published_time\" content=\"2022-12-07T17:02:36+00:00\" \/>\n<meta property=\"article:modified_time\" content=\"2022-12-07T17:02:38+00:00\" \/>\n<meta property=\"og:image\" content=\"https:\/\/lacteus.com.br\/v5\/wp-content\/uploads\/2022\/12\/MATERIA.jpg\" \/>\n<meta name=\"author\" content=\"Daniel Couri\" \/>\n<meta name=\"twitter:card\" content=\"summary_large_image\" \/>\n<meta name=\"twitter:creator\" content=\"@lacteusbrasil\" \/>\n<meta name=\"twitter:site\" content=\"@lacteusbrasil\" \/>\n<meta name=\"twitter:label1\" content=\"Escrito por\" \/>\n\t<meta name=\"twitter:data1\" content=\"Daniel Couri\" \/>\n\t<meta name=\"twitter:label2\" content=\"Est. tempo de leitura\" \/>\n\t<meta name=\"twitter:data2\" content=\"1 minuto\" \/>\n<script type=\"application\/ld+json\" class=\"yoast-schema-graph\">{\"@context\":\"https:\/\/schema.org\",\"@graph\":[{\"@type\":\"Article\",\"@id\":\"https:\/\/lacteus.com.br\/v5\/2022\/12\/preco-pago-ao-produtor-tem-recuo-de-8-61-em-mt\/#article\",\"isPartOf\":{\"@id\":\"https:\/\/lacteus.com.br\/v5\/2022\/12\/preco-pago-ao-produtor-tem-recuo-de-8-61-em-mt\/\"},\"author\":{\"name\":\"Daniel Couri\",\"@id\":\"https:\/\/lacteus.com.br\/v5\/#\/schema\/person\/ddc73f97a34b201fe113dc1664f47663\"},\"headline\":\"Pre\u00e7o pago ao produtor tem recuo de 8.61% em MT\",\"datePublished\":\"2022-12-07T17:02:36+00:00\",\"dateModified\":\"2022-12-07T17:02:38+00:00\",\"mainEntityOfPage\":{\"@id\":\"https:\/\/lacteus.com.br\/v5\/2022\/12\/preco-pago-ao-produtor-tem-recuo-de-8-61-em-mt\/\"},\"wordCount\":281,\"commentCount\":0,\"publisher\":{\"@id\":\"https:\/\/lacteus.com.br\/v5\/#organization\"},\"image\":{\"@id\":\"https:\/\/lacteus.com.br\/v5\/2022\/12\/preco-pago-ao-produtor-tem-recuo-de-8-61-em-mt\/#primaryimage\"},\"thumbnailUrl\":\"https:\/\/lacteus.com.br\/v5\/wp-content\/uploads\/2022\/12\/MATERIA.jpg\",\"articleSection\":[\"Not\u00edcias\"],\"inLanguage\":\"pt-BR\",\"potentialAction\":[{\"@type\":\"CommentAction\",\"name\":\"Comment\",\"target\":[\"https:\/\/lacteus.com.br\/v5\/2022\/12\/preco-pago-ao-produtor-tem-recuo-de-8-61-em-mt\/#respond\"]}]},{\"@type\":\"WebPage\",\"@id\":\"https:\/\/lacteus.com.br\/v5\/2022\/12\/preco-pago-ao-produtor-tem-recuo-de-8-61-em-mt\/\",\"url\":\"https:\/\/lacteus.com.br\/v5\/2022\/12\/preco-pago-ao-produtor-tem-recuo-de-8-61-em-mt\/\",\"name\":\"Pre\u00e7o pago ao produtor tem recuo de 8.61% em MT | lacteus : Gest\u00e3o para Latic\u00ednios\",\"isPartOf\":{\"@id\":\"https:\/\/lacteus.com.br\/v5\/#website\"},\"primaryImageOfPage\":{\"@id\":\"https:\/\/lacteus.com.br\/v5\/2022\/12\/preco-pago-ao-produtor-tem-recuo-de-8-61-em-mt\/#primaryimage\"},\"image\":{\"@id\":\"https:\/\/lacteus.com.br\/v5\/2022\/12\/preco-pago-ao-produtor-tem-recuo-de-8-61-em-mt\/#primaryimage\"},\"thumbnailUrl\":\"https:\/\/lacteus.com.br\/v5\/wp-content\/uploads\/2022\/12\/MATERIA.jpg\",\"datePublished\":\"2022-12-07T17:02:36+00:00\",\"dateModified\":\"2022-12-07T17:02:38+00:00\",\"breadcrumb\":{\"@id\":\"https:\/\/lacteus.com.br\/v5\/2022\/12\/preco-pago-ao-produtor-tem-recuo-de-8-61-em-mt\/#breadcrumb\"},\"inLanguage\":\"pt-BR\",\"potentialAction\":[{\"@type\":\"ReadAction\",\"target\":[\"https:\/\/lacteus.com.br\/v5\/2022\/12\/preco-pago-ao-produtor-tem-recuo-de-8-61-em-mt\/\"]}]},{\"@type\":\"ImageObject\",\"inLanguage\":\"pt-BR\",\"@id\":\"https:\/\/lacteus.com.br\/v5\/2022\/12\/preco-pago-ao-produtor-tem-recuo-de-8-61-em-mt\/#primaryimage\",\"url\":\"https:\/\/lacteus.com.br\/v5\/wp-content\/uploads\/2022\/12\/MATERIA.jpg\",\"contentUrl\":\"https:\/\/lacteus.com.br\/v5\/wp-content\/uploads\/2022\/12\/MATERIA.jpg\",\"width\":398,\"height\":273},{\"@type\":\"BreadcrumbList\",\"@id\":\"https:\/\/lacteus.com.br\/v5\/2022\/12\/preco-pago-ao-produtor-tem-recuo-de-8-61-em-mt\/#breadcrumb\",\"itemListElement\":[{\"@type\":\"ListItem\",\"position\":1,\"name\":\"In\u00edcio\",\"item\":\"https:\/\/lacteus.com.br\/v5\/\"},{\"@type\":\"ListItem\",\"position\":2,\"name\":\"Pre\u00e7o pago ao produtor tem recuo de 8.61% em MT\"}]},{\"@type\":\"WebSite\",\"@id\":\"https:\/\/lacteus.com.br\/v5\/#website\",\"url\":\"https:\/\/lacteus.com.br\/v5\/\",\"name\":\"lacteus : Gest\u00e3o para Latic\u00ednios\",\"description\":\"\",\"publisher\":{\"@id\":\"https:\/\/lacteus.com.br\/v5\/#organization\"},\"potentialAction\":[{\"@type\":\"SearchAction\",\"target\":{\"@type\":\"EntryPoint\",\"urlTemplate\":\"https:\/\/lacteus.com.br\/v5\/?s={search_term_string}\"},\"query-input\":{\"@type\":\"PropertyValueSpecification\",\"valueRequired\":true,\"valueName\":\"search_term_string\"}}],\"inLanguage\":\"pt-BR\"},{\"@type\":\"Organization\",\"@id\":\"https:\/\/lacteus.com.br\/v5\/#organization\",\"name\":\"Lacteus Gest\u00e3o para Latic\u00ednios\",\"url\":\"https:\/\/lacteus.com.br\/v5\/\",\"logo\":{\"@type\":\"ImageObject\",\"inLanguage\":\"pt-BR\",\"@id\":\"https:\/\/lacteus.com.br\/v5\/#\/schema\/logo\/image\/\",\"url\":\"https:\/\/lacteus.com.br\/v5\/wp-content\/uploads\/2021\/07\/logo-H-100.png\",\"contentUrl\":\"https:\/\/lacteus.com.br\/v5\/wp-content\/uploads\/2021\/07\/logo-H-100.png\",\"width\":524,\"height\":100,\"caption\":\"Lacteus Gest\u00e3o para Latic\u00ednios\"},\"image\":{\"@id\":\"https:\/\/lacteus.com.br\/v5\/#\/schema\/logo\/image\/\"},\"sameAs\":[\"https:\/\/www.facebook.com\/lacteusbrasil\",\"https:\/\/x.com\/lacteusbrasil\",\"https:\/\/www.instagram.com\/lacteusbrasil\",\"https:\/\/www.linkedin.com\/company\/lacteusbrasil\",\"https:\/\/www.youtube.com\/lacteusbrasil\"]},{\"@type\":\"Person\",\"@id\":\"https:\/\/lacteus.com.br\/v5\/#\/schema\/person\/ddc73f97a34b201fe113dc1664f47663\",\"name\":\"Daniel Couri\",\"image\":{\"@type\":\"ImageObject\",\"inLanguage\":\"pt-BR\",\"@id\":\"https:\/\/lacteus.com.br\/v5\/#\/schema\/person\/image\/\",\"url\":\"https:\/\/secure.gravatar.com\/avatar\/f3d1b137704d5c421cfbaf597096ebfb?s=96&d=mm&r=g\",\"contentUrl\":\"https:\/\/secure.gravatar.com\/avatar\/f3d1b137704d5c421cfbaf597096ebfb?s=96&d=mm&r=g\",\"caption\":\"Daniel Couri\"},\"url\":\"https:\/\/lacteus.com.br\/v5\/author\/comunicacao\/\"}]}<\/script>\n<!-- \/ Yoast SEO plugin. -->","yoast_head_json":{"title":"Pre\u00e7o pago ao produtor tem recuo de 8.61% em MT | lacteus : Gest\u00e3o para Latic\u00ednios","robots":{"index":"index","follow":"follow","max-snippet":"max-snippet:-1","max-image-preview":"max-image-preview:large","max-video-preview":"max-video-preview:-1"},"canonical":"https:\/\/lacteus.com.br\/v5\/2022\/12\/preco-pago-ao-produtor-tem-recuo-de-8-61-em-mt\/","og_locale":"pt_BR","og_type":"article","og_title":"Pre\u00e7o pago ao produtor tem recuo de 8.61% em MT | lacteus : Gest\u00e3o para Latic\u00ednios","og_description":"Capta\u00e7\u00e3o de leite\/MT &#8211; Com a chegada das chuvas na maior parte das regi\u00f5es do pa\u00eds, o volume de leite captado no Brasil no 3\u00ba tri.22 subiu 11,27% ante o 2\u00ba tri.22 e totalizou 5,99 bilh\u00f5es de litros de leite, segundo a estimativa pr\u00e9via do IBGE na Pesquisa Trimestral do Leite (PTL). Esse resultado encerra [&hellip;]","og_url":"https:\/\/lacteus.com.br\/v5\/2022\/12\/preco-pago-ao-produtor-tem-recuo-de-8-61-em-mt\/","og_site_name":"lacteus : Gest\u00e3o para Latic\u00ednios","article_publisher":"https:\/\/www.facebook.com\/lacteusbrasil","article_published_time":"2022-12-07T17:02:36+00:00","article_modified_time":"2022-12-07T17:02:38+00:00","og_image":[{"url":"https:\/\/lacteus.com.br\/v5\/wp-content\/uploads\/2022\/12\/MATERIA.jpg","type":"","width":"","height":""}],"author":"Daniel Couri","twitter_card":"summary_large_image","twitter_creator":"@lacteusbrasil","twitter_site":"@lacteusbrasil","twitter_misc":{"Escrito por":"Daniel Couri","Est. tempo de leitura":"1 minuto"},"schema":{"@context":"https:\/\/schema.org","@graph":[{"@type":"Article","@id":"https:\/\/lacteus.com.br\/v5\/2022\/12\/preco-pago-ao-produtor-tem-recuo-de-8-61-em-mt\/#article","isPartOf":{"@id":"https:\/\/lacteus.com.br\/v5\/2022\/12\/preco-pago-ao-produtor-tem-recuo-de-8-61-em-mt\/"},"author":{"name":"Daniel Couri","@id":"https:\/\/lacteus.com.br\/v5\/#\/schema\/person\/ddc73f97a34b201fe113dc1664f47663"},"headline":"Pre\u00e7o pago ao produtor tem recuo de 8.61% em MT","datePublished":"2022-12-07T17:02:36+00:00","dateModified":"2022-12-07T17:02:38+00:00","mainEntityOfPage":{"@id":"https:\/\/lacteus.com.br\/v5\/2022\/12\/preco-pago-ao-produtor-tem-recuo-de-8-61-em-mt\/"},"wordCount":281,"commentCount":0,"publisher":{"@id":"https:\/\/lacteus.com.br\/v5\/#organization"},"image":{"@id":"https:\/\/lacteus.com.br\/v5\/2022\/12\/preco-pago-ao-produtor-tem-recuo-de-8-61-em-mt\/#primaryimage"},"thumbnailUrl":"https:\/\/lacteus.com.br\/v5\/wp-content\/uploads\/2022\/12\/MATERIA.jpg","articleSection":["Not\u00edcias"],"inLanguage":"pt-BR","potentialAction":[{"@type":"CommentAction","name":"Comment","target":["https:\/\/lacteus.com.br\/v5\/2022\/12\/preco-pago-ao-produtor-tem-recuo-de-8-61-em-mt\/#respond"]}]},{"@type":"WebPage","@id":"https:\/\/lacteus.com.br\/v5\/2022\/12\/preco-pago-ao-produtor-tem-recuo-de-8-61-em-mt\/","url":"https:\/\/lacteus.com.br\/v5\/2022\/12\/preco-pago-ao-produtor-tem-recuo-de-8-61-em-mt\/","name":"Pre\u00e7o pago ao produtor tem recuo de 8.61% em MT | lacteus : Gest\u00e3o para Latic\u00ednios","isPartOf":{"@id":"https:\/\/lacteus.com.br\/v5\/#website"},"primaryImageOfPage":{"@id":"https:\/\/lacteus.com.br\/v5\/2022\/12\/preco-pago-ao-produtor-tem-recuo-de-8-61-em-mt\/#primaryimage"},"image":{"@id":"https:\/\/lacteus.com.br\/v5\/2022\/12\/preco-pago-ao-produtor-tem-recuo-de-8-61-em-mt\/#primaryimage"},"thumbnailUrl":"https:\/\/lacteus.com.br\/v5\/wp-content\/uploads\/2022\/12\/MATERIA.jpg","datePublished":"2022-12-07T17:02:36+00:00","dateModified":"2022-12-07T17:02:38+00:00","breadcrumb":{"@id":"https:\/\/lacteus.com.br\/v5\/2022\/12\/preco-pago-ao-produtor-tem-recuo-de-8-61-em-mt\/#breadcrumb"},"inLanguage":"pt-BR","potentialAction":[{"@type":"ReadAction","target":["https:\/\/lacteus.com.br\/v5\/2022\/12\/preco-pago-ao-produtor-tem-recuo-de-8-61-em-mt\/"]}]},{"@type":"ImageObject","inLanguage":"pt-BR","@id":"https:\/\/lacteus.com.br\/v5\/2022\/12\/preco-pago-ao-produtor-tem-recuo-de-8-61-em-mt\/#primaryimage","url":"https:\/\/lacteus.com.br\/v5\/wp-content\/uploads\/2022\/12\/MATERIA.jpg","contentUrl":"https:\/\/lacteus.com.br\/v5\/wp-content\/uploads\/2022\/12\/MATERIA.jpg","width":398,"height":273},{"@type":"BreadcrumbList","@id":"https:\/\/lacteus.com.br\/v5\/2022\/12\/preco-pago-ao-produtor-tem-recuo-de-8-61-em-mt\/#breadcrumb","itemListElement":[{"@type":"ListItem","position":1,"name":"In\u00edcio","item":"https:\/\/lacteus.com.br\/v5\/"},{"@type":"ListItem","position":2,"name":"Pre\u00e7o pago ao produtor tem recuo de 8.61% em MT"}]},{"@type":"WebSite","@id":"https:\/\/lacteus.com.br\/v5\/#website","url":"https:\/\/lacteus.com.br\/v5\/","name":"lacteus : Gest\u00e3o para Latic\u00ednios","description":"","publisher":{"@id":"https:\/\/lacteus.com.br\/v5\/#organization"},"potentialAction":[{"@type":"SearchAction","target":{"@type":"EntryPoint","urlTemplate":"https:\/\/lacteus.com.br\/v5\/?s={search_term_string}"},"query-input":{"@type":"PropertyValueSpecification","valueRequired":true,"valueName":"search_term_string"}}],"inLanguage":"pt-BR"},{"@type":"Organization","@id":"https:\/\/lacteus.com.br\/v5\/#organization","name":"Lacteus Gest\u00e3o para Latic\u00ednios","url":"https:\/\/lacteus.com.br\/v5\/","logo":{"@type":"ImageObject","inLanguage":"pt-BR","@id":"https:\/\/lacteus.com.br\/v5\/#\/schema\/logo\/image\/","url":"https:\/\/lacteus.com.br\/v5\/wp-content\/uploads\/2021\/07\/logo-H-100.png","contentUrl":"https:\/\/lacteus.com.br\/v5\/wp-content\/uploads\/2021\/07\/logo-H-100.png","width":524,"height":100,"caption":"Lacteus Gest\u00e3o para Latic\u00ednios"},"image":{"@id":"https:\/\/lacteus.com.br\/v5\/#\/schema\/logo\/image\/"},"sameAs":["https:\/\/www.facebook.com\/lacteusbrasil","https:\/\/x.com\/lacteusbrasil","https:\/\/www.instagram.com\/lacteusbrasil","https:\/\/www.linkedin.com\/company\/lacteusbrasil","https:\/\/www.youtube.com\/lacteusbrasil"]},{"@type":"Person","@id":"https:\/\/lacteus.com.br\/v5\/#\/schema\/person\/ddc73f97a34b201fe113dc1664f47663","name":"Daniel Couri","image":{"@type":"ImageObject","inLanguage":"pt-BR","@id":"https:\/\/lacteus.com.br\/v5\/#\/schema\/person\/image\/","url":"https:\/\/secure.gravatar.com\/avatar\/f3d1b137704d5c421cfbaf597096ebfb?s=96&d=mm&r=g","contentUrl":"https:\/\/secure.gravatar.com\/avatar\/f3d1b137704d5c421cfbaf597096ebfb?s=96&d=mm&r=g","caption":"Daniel Couri"},"url":"https:\/\/lacteus.com.br\/v5\/author\/comunicacao\/"}]}},"_links":{"self":[{"href":"https:\/\/lacteus.com.br\/v5\/wp-json\/wp\/v2\/posts\/57913","targetHints":{"allow":["GET"]}}],"collection":[{"href":"https:\/\/lacteus.com.br\/v5\/wp-json\/wp\/v2\/posts"}],"about":[{"href":"https:\/\/lacteus.com.br\/v5\/wp-json\/wp\/v2\/types\/post"}],"author":[{"embeddable":true,"href":"https:\/\/lacteus.com.br\/v5\/wp-json\/wp\/v2\/users\/2"}],"replies":[{"embeddable":true,"href":"https:\/\/lacteus.com.br\/v5\/wp-json\/wp\/v2\/comments?post=57913"}],"version-history":[{"count":1,"href":"https:\/\/lacteus.com.br\/v5\/wp-json\/wp\/v2\/posts\/57913\/revisions"}],"predecessor-version":[{"id":57915,"href":"https:\/\/lacteus.com.br\/v5\/wp-json\/wp\/v2\/posts\/57913\/revisions\/57915"}],"wp:attachment":[{"href":"https:\/\/lacteus.com.br\/v5\/wp-json\/wp\/v2\/media?parent=57913"}],"wp:term":[{"taxonomy":"category","embeddable":true,"href":"https:\/\/lacteus.com.br\/v5\/wp-json\/wp\/v2\/categories?post=57913"},{"taxonomy":"post_tag","embeddable":true,"href":"https:\/\/lacteus.com.br\/v5\/wp-json\/wp\/v2\/tags?post=57913"}],"curies":[{"name":"wp","href":"https:\/\/api.w.org\/{rel}","templated":true}]}}